{"id":43552,"date":"2025-03-29T13:45:05","date_gmt":"2025-03-29T13:45:05","guid":{"rendered":"https:\/\/247stiri.ro\/index.php\/2025\/03\/29\/militarul-de-30-de-ani-impuscat-in-cap-a-decedat-barbatul-era-internat-la-spitalul-militar-din-capitala\/"},"modified":"2025-03-29T13:45:05","modified_gmt":"2025-03-29T13:45:05","slug":"militarul-de-30-de-ani-impuscat-in-cap-a-decedat-barbatul-era-internat-la-spitalul-militar-din-capitala","status":"publish","type":"post","link":"https:\/\/247stiri.ro\/index.php\/2025\/03\/29\/militarul-de-30-de-ani-impuscat-in-cap-a-decedat-barbatul-era-internat-la-spitalul-militar-din-capitala\/","title":{"rendered":"Militarul de 30 de ani \u00eempu\u0219cat \u00een cap a decedat. B\u0103rbatul era internat la Spitalul Militar din Capital\u0103"},"content":{"rendered":"<p>&#8221;\u00cen diminea\u021ba zilei de s\u00e2mb\u0103t\u0103, 29 martie, sergentul M\u0103tu\u0219a Alexandru Alin, \u00een v\u00e2rst\u0103 de 30 de ani, de la Batalionul 24 Infanterie din T\u00e2rgu Jiu, a decedat \u00een urma unui stop cardiac neresponsiv la manevrele de resuscitare&#8221;, a anun\u021bat Spitalul Militar.<\/p>\n<p>Subofi\u021berul, cu o plag\u0103 \u00eempu\u0219cat\u0103 \u00een zona capului, a fost transferat de la Spitalul Jude\u021bean de Urgen\u021b\u0103 T\u00e2rgu Jiu la Spitalul Universitar de Urgen\u021b\u0103 Militar Central &#8216;Dr. Carol Davila&#8217; din Bucure\u0219ti \u00een data de 24 martie.<\/p>\n<p>&#8221;\u00cen urma consulturilor de specialitate \u0219i a investiga\u021biilor clinice \u0219i paraclinice efectuate, diagnosticul a fost de traumatism cranio-cerebral grav, com\u0103 grad IV, plag\u0103 prin \u00eempu\u0219care, transfixiant\u0103, frontal\u0103. Pacientul a fost internat \u00een Sec\u021bia ATI, fiind \u00een stare critic\u0103, intubat \u0219i ventilat mecanic. Cu toate eforturile echipei medicale, starea acestuia s-a men\u021binut critic\u0103, administr\u00e2ndu-i-se tratament de sus\u021binere a func\u021biilor vitale&#8221;, precizeaz\u0103 reprezentan\u021bii unit\u0103\u021bii medicale, \u00eentr-un comunicat.<\/p>\n<p>Conducerea Ministerului Ap\u0103r\u0103rii Na\u021bionale, al\u0103turi de cea a Spitalului Universitar de Urgen\u021b\u0103 Militar Central &#8216;Dr. Carol Davila&#8217;, \u00ee\u0219i exprim\u0103 profundul regret pentru aceast\u0103 pierdere \u0219i transmite condolean\u021be familiei \u00eendoliate, se mai arat\u0103 \u00een comunicat.<\/p>","protected":false},"excerpt":{"rendered":"<p>&#8221;\u00cen diminea\u021ba zilei de s\u00e2mb\u0103t\u0103, 29 martie, sergentul M\u0103tu\u0219a Alexandru Alin, \u00een v\u00e2rst\u0103 de 30&hellip;<\/p>\n","protected":false},"author":0,"featured_media":43553,"comment_status":"open","ping_status":"open","sticky":false,"template":"","format":"standard","meta":{"footnotes":""},"categories":[2],"tags":[],"class_list":["post-43552","post","type-post","status-publish","format-standard","has-post-thumbnail","hentry","category-actual"],"_links":{"self":[{"href":"https:\/\/247stiri.ro\/index.php\/wp-json\/wp\/v2\/posts\/43552","targetHints":{"allow":["GET"]}}],"collection":[{"href":"https:\/\/247stiri.ro\/index.php\/wp-json\/wp\/v2\/posts"}],"about":[{"href":"https:\/\/247stiri.ro\/index.php\/wp-json\/wp\/v2\/types\/post"}],"replies":[{"embeddable":true,"href":"https:\/\/247stiri.ro\/index.php\/wp-json\/wp\/v2\/comments?post=43552"}],"version-history":[{"count":0,"href":"https:\/\/247stiri.ro\/index.php\/wp-json\/wp\/v2\/posts\/43552\/revisions"}],"wp:featuredmedia":[{"embeddable":true,"href":"https:\/\/247stiri.ro\/index.php\/wp-json\/wp\/v2\/media\/43553"}],"wp:attachment":[{"href":"https:\/\/247stiri.ro\/index.php\/wp-json\/wp\/v2\/media?parent=43552"}],"wp:term":[{"taxonomy":"category","embeddable":true,"href":"https:\/\/247stiri.ro\/index.php\/wp-json\/wp\/v2\/categories?post=43552"},{"taxonomy":"post_tag","embeddable":true,"href":"https:\/\/247stiri.ro\/index.php\/wp-json\/wp\/v2\/tags?post=43552"}],"curies":[{"name":"wp","href":"https:\/\/api.w.org\/{rel}","templated":true}]}}