{"id":43562,"date":"2025-03-29T14:45:00","date_gmt":"2025-03-29T14:45:00","guid":{"rendered":"https:\/\/247stiri.ro\/index.php\/2025\/03\/29\/emil-boc-a-facut-anuntul-crin-antonescu-are-sustinerea-lui-ilie-bolojan-la-cotroceni\/"},"modified":"2025-03-29T14:45:00","modified_gmt":"2025-03-29T14:45:00","slug":"emil-boc-a-facut-anuntul-crin-antonescu-are-sustinerea-lui-ilie-bolojan-la-cotroceni","status":"publish","type":"post","link":"https:\/\/247stiri.ro\/index.php\/2025\/03\/29\/emil-boc-a-facut-anuntul-crin-antonescu-are-sustinerea-lui-ilie-bolojan-la-cotroceni\/","title":{"rendered":"Emil Boc a f\u0103cut anun\u021bul: Crin Antonescu are sus\u021binerea lui Ilie Bolojan la Cotroceni"},"content":{"rendered":"<p>&#8222;Drumul spre Cotroceni \u00eencepe de la Cluj \u0219i ne oprim \u00een 18 mai cu viitorul pre\u0219edinte al Rom\u00e2niei la Cotroceni, Crin Antonescu!<\/p>\n<p>Crin Antonescu este omul care ce g\u00e2nde\u0219te, spune, iar ce spune, face.\u00a0De un asemenea pre\u0219edinte avem nevoie s\u0103 d\u0103m un salut unui om care ast\u0103zi nu e prezent fizic la noi, dar care fi\u021bi convini\u021bi c\u0103 este cu sufletul aici, \u00eentre noi, actualul pre\u0219edinte al Rom\u00e2niei interimar, domnul Bolojan!&#8221;, a declarat Emil Boc.<\/p>\n<p>&#8222;Este important s\u0103 vorbim, s\u0103 vorbesc cu dumneavoastr\u0103 cei care m\u0103 sus\u021bine\u021bi despre lucruri \u00een care eu cred, despre lucruri care, a\u0219a cum, superb \u0219i \u00eendatoritor, c\u00e2nd a c\u0103p\u0103tat drept la cuv\u00e2nt, a spus profesorul Vasile D\u00eencu, m\u0103 fac s\u0103 fiu \u00eenc\u0103, definitiv, pe toat\u0103 via\u021ba, un romantic \u00een politic\u0103. <\/p>\n<p>Cea mai mare calitate a mea, \u00een ochii mei, dar v-o spun \u0219i vou\u0103,\u00a0nu este aceea c\u0103 am cea mai mare experien\u021b\u0103 politic\u0103 dintre candida\u021bii la pre\u0219edin\u021bie. Nu este aceea c\u0103 am, \u00een afar\u0103 de experien\u021b\u0103, cuno\u0219tin\u021bele necesare. Nu este aceea c\u0103 am dovedit, \u00een diverse \u00eemprejur\u0103ri, c\u0103 \u00een\u021beleg ce au de f\u0103cut politicienii pentru oameni. Cea mai mare calitate a mea este c\u0103 nu am uitat niciodat\u0103 cine am fost \u00eenainte de a fi demnitar\u00a0\u0219i cine voi fi dup\u0103 ce nu mai sunt demnitar. C\u0103 n-am uitat niciodat\u0103 c\u0103 demnit\u0103\u021bile trec \u0219i omenia r\u0103m\u00e2ne&#8221;, a transmis Crin Antonescu.\u00a0<\/p>","protected":false},"excerpt":{"rendered":"<p>&#8222;Drumul spre Cotroceni \u00eencepe de la Cluj \u0219i ne oprim \u00een 18 mai cu viitorul&hellip;<\/p>\n","protected":false},"author":0,"featured_media":43563,"comment_status":"open","ping_status":"open","sticky":false,"template":"","format":"standard","meta":{"footnotes":""},"categories":[3],"tags":[],"class_list":["post-43562","post","type-post","status-publish","format-standard","has-post-thumbnail","hentry","category-politica"],"_links":{"self":[{"href":"https:\/\/247stiri.ro\/index.php\/wp-json\/wp\/v2\/posts\/43562","targetHints":{"allow":["GET"]}}],"collection":[{"href":"https:\/\/247stiri.ro\/index.php\/wp-json\/wp\/v2\/posts"}],"about":[{"href":"https:\/\/247stiri.ro\/index.php\/wp-json\/wp\/v2\/types\/post"}],"replies":[{"embeddable":true,"href":"https:\/\/247stiri.ro\/index.php\/wp-json\/wp\/v2\/comments?post=43562"}],"version-history":[{"count":0,"href":"https:\/\/247stiri.ro\/index.php\/wp-json\/wp\/v2\/posts\/43562\/revisions"}],"wp:featuredmedia":[{"embeddable":true,"href":"https:\/\/247stiri.ro\/index.php\/wp-json\/wp\/v2\/media\/43563"}],"wp:attachment":[{"href":"https:\/\/247stiri.ro\/index.php\/wp-json\/wp\/v2\/media?parent=43562"}],"wp:term":[{"taxonomy":"category","embeddable":true,"href":"https:\/\/247stiri.ro\/index.php\/wp-json\/wp\/v2\/categories?post=43562"},{"taxonomy":"post_tag","embeddable":true,"href":"https:\/\/247stiri.ro\/index.php\/wp-json\/wp\/v2\/tags?post=43562"}],"curies":[{"name":"wp","href":"https:\/\/api.w.org\/{rel}","templated":true}]}}