{"id":43566,"date":"2025-03-29T14:45:02","date_gmt":"2025-03-29T14:45:02","guid":{"rendered":"https:\/\/247stiri.ro\/index.php\/2025\/03\/29\/afaceristi-miraculosi-investesc-sa-il-faca-presedinte-pe-nicusor-dan-numele-lor-sunt-tinute-la-secret\/"},"modified":"2025-03-29T14:45:02","modified_gmt":"2025-03-29T14:45:02","slug":"afaceristi-miraculosi-investesc-sa-il-faca-presedinte-pe-nicusor-dan-numele-lor-sunt-tinute-la-secret","status":"publish","type":"post","link":"https:\/\/247stiri.ro\/index.php\/2025\/03\/29\/afaceristi-miraculosi-investesc-sa-il-faca-presedinte-pe-nicusor-dan-numele-lor-sunt-tinute-la-secret\/","title":{"rendered":"Afaceri\u0219ti miraculo\u0219i investesc s\u0103 \u00eel fac\u0103 pre\u0219edinte pe Nicu\u0219or Dan. Numele lor sunt \u021binute la secret"},"content":{"rendered":"<p>\u00a0Nicu\u0219or Dan spune c\u0103 le va dezv\u0103lui identitatea abia atunci c\u00e2nd va avea acordul lui. Primarul spune c\u0103 a primit dona\u021bii de peste 2,7 milioane de lei \u0219i vorbe\u0219te \u0219i despre sumele uria\u0219e cheltuite pentru a-\u0219i face campanie: 500 de mii de euro doar \u00een mediul online.\u00a0<\/p>\n<p>\u201e\u00cen momentul in care o sa am acordul lor o sa va spun. Pentru moment, dup\u0103 cum a\u021bi vazut pe site suntem la 2,7 milioane de lei, 540 de mii de euro. Mai avem o dona\u021bie de 500 de mii de lei \u0219i o dona\u021bie de 810 mii lei de la doi oameni de afaceri.Pentru precampanie, 540 de mii de euro plus 100 de mii de euro plus 160 de mii de euro, deci 800 de mii de euro \u0219i probabil c\u0103 o sa mai str\u00e2ngem spre 900 de mii de euro. Panotajul a costat 200 de mii de euro aproximativ, mai precis sunt 2 facturi de 580 de mii si 250 de mii de lei. Publicitate online p\u00e2n\u0103 \u00een momentuil asta cam 500 de mii de euro\u201d, a explicat Nicu\u0219or Dan \u00een cadrul unui eveniment.<\/p>\n<p>\u00a0<\/p>\n<p><a title='Nicusor Dan cauta vinovati pentru dezastrul din Capitala - tupeu fantastic: \"Nu e treaba mea sa ridic gunoiul de pe strazi\" - VIDEO' href=\"https:\/\/www.realitatea.net\/stiri\/actual\/nicusor-dan-cauta-vinovati-pentru-dezastrul-din-capitala-tupeu-fantastic-nu-e-treaba-mea-sa-ridic-gunoiul-de-pe-strazi-video_67e645761f2f3e44b6292ca3\">Nicu\u0219or Dan caut\u0103 vinova\u021bi pentru dezastrul din Capital\u0103 &#8211; tupeu fantastic: &#8222;Nu e treaba mea s\u0103 ridic gunoiul de pe str\u0103zi&#8221; &#8211; VIDEO<\/a><\/p>","protected":false},"excerpt":{"rendered":"<p>\u00a0Nicu\u0219or Dan spune c\u0103 le va dezv\u0103lui identitatea abia atunci c\u00e2nd va avea acordul lui.&hellip;<\/p>\n","protected":false},"author":0,"featured_media":43561,"comment_status":"open","ping_status":"open","sticky":false,"template":"","format":"standard","meta":{"footnotes":""},"categories":[2],"tags":[],"class_list":["post-43566","post","type-post","status-publish","format-standard","has-post-thumbnail","hentry","category-actual"],"_links":{"self":[{"href":"https:\/\/247stiri.ro\/index.php\/wp-json\/wp\/v2\/posts\/43566","targetHints":{"allow":["GET"]}}],"collection":[{"href":"https:\/\/247stiri.ro\/index.php\/wp-json\/wp\/v2\/posts"}],"about":[{"href":"https:\/\/247stiri.ro\/index.php\/wp-json\/wp\/v2\/types\/post"}],"replies":[{"embeddable":true,"href":"https:\/\/247stiri.ro\/index.php\/wp-json\/wp\/v2\/comments?post=43566"}],"version-history":[{"count":0,"href":"https:\/\/247stiri.ro\/index.php\/wp-json\/wp\/v2\/posts\/43566\/revisions"}],"wp:featuredmedia":[{"embeddable":true,"href":"https:\/\/247stiri.ro\/index.php\/wp-json\/wp\/v2\/media\/43561"}],"wp:attachment":[{"href":"https:\/\/247stiri.ro\/index.php\/wp-json\/wp\/v2\/media?parent=43566"}],"wp:term":[{"taxonomy":"category","embeddable":true,"href":"https:\/\/247stiri.ro\/index.php\/wp-json\/wp\/v2\/categories?post=43566"},{"taxonomy":"post_tag","embeddable":true,"href":"https:\/\/247stiri.ro\/index.php\/wp-json\/wp\/v2\/tags?post=43566"}],"curies":[{"name":"wp","href":"https:\/\/api.w.org\/{rel}","templated":true}]}}