{"id":4358,"date":"2024-11-04T12:44:48","date_gmt":"2024-11-04T12:44:48","guid":{"rendered":"https:\/\/247stiri.ro\/index.php\/2024\/11\/04\/ciolacu-despre-cresterea-bugetului-apararii-la-3-din-pib-inca-nu-este-o-necesitate\/"},"modified":"2024-11-04T12:44:48","modified_gmt":"2024-11-04T12:44:48","slug":"ciolacu-despre-cresterea-bugetului-apararii-la-3-din-pib-inca-nu-este-o-necesitate","status":"publish","type":"post","link":"https:\/\/247stiri.ro\/index.php\/2024\/11\/04\/ciolacu-despre-cresterea-bugetului-apararii-la-3-din-pib-inca-nu-este-o-necesitate\/","title":{"rendered":"Ciolacu, despre cre\u015fterea bugetului ap\u0103r\u0103rii la 3% din PIB: \u201e\u00cenc\u0103 nu este o necesitate\u201d"},"content":{"rendered":"<p>Premierul Marcel Ciolacu a declarat, luni, dup\u0103 vizita la Salonul Euronaval din Paris, despre un plan de cre\u015ftere a bugetului ap\u0103r\u0103rii la 3% din PIB, c\u0103 \u00eenc\u0103 nu este o necesitate \u015fi c\u0103 prioritatea num\u0103rul 1 pentru Rom\u00e2nia \u00een acest moment este de a acoperi investi\u0163iile \u00een infrastructur\u0103 prin fondurile europene \u015fi prin PNRR.<\/p>\n<p>\u201eAm venit cu domnul ministru pentru c\u0103 avem mai multe proceduri de competitivitate \u00een desf\u0103\u015furare. Sunt foarte multe \u015fi companii franceze interesate \u00een acest proces. Totu\u015fi, Fran\u0163a este foarte implicat\u0103 \u00een aceast\u0103 criz\u0103 de securitate \u015fi cu trupe \u015fi cu comand\u0103, ca \u015fi \u0163ar\u0103 cadru \u00een Rom\u00e2nia \u015fi este foarte important s\u0103 avem o privire c\u00e2t mai aplicat\u0103 la ceea ce ne dorim pentru \u00eenzestrarea Rom\u00e2niei a spus premierul Ciolacu, la Paris.\u00a0\u00a0\u00a0Premierul a fost \u00eentrebat dac\u0103 exist\u0103 un plan de cre\u015ftere a bugetului ap\u0103r\u0103rii la 3% din PIB, \u00een perioada urm\u0103toare.<a href=\"https:\/\/www.realitatea.net\/stiri\/actual\/razboiul-din-ucraina-ii-sperie-pe-guvernanti-bugetul-apararii-va-creste-la-3-din-pib-dar-si-numarul-de-militari_67288e17fcc267628607fdd7\" target=\"_blank\" rel=\"noopener\">R\u0103zboiul din Ucraina \u00eei sperie pe guvernan\u021bi: bugetul Ap\u0103r\u0103rii va cre\u0219te la 3% din PIB. \u00cen plus, se recruteaz\u0103 militari<\/a>\u00a0\u201eNu este. \u00cenc\u0103 nu este o necesitate. Cred c\u0103 prioritatea num\u0103rul 1 pentru Rom\u00e2nia \u00een acest moment este de a acoperi investi\u0163iile \u00een infrastructur\u0103 prin fondurile europene \u015fi prin PNRR\u201e, a r\u0103spuns el.\u00a0\u00a0\u201dSunt ferm convins c\u0103 viitorul prim-ministru va vedea, va da viziunea domniei sale. Ce \u00eemi doresc eu de la viitorul prim-ministru este s\u0103 avem un buget multianual, pe to\u0163i cei 4 ani, pe sistemul bugetului Comisiei Europene\u201d,\u00a0, a mai spus \u015feful Executivului.\u00a0<\/p>","protected":false},"excerpt":{"rendered":"<p>Premierul Marcel Ciolacu a declarat, luni, dup\u0103 vizita la Salonul Euronaval din Paris, despre un&hellip;<\/p>\n","protected":false},"author":0,"featured_media":4357,"comment_status":"open","ping_status":"open","sticky":false,"template":"","format":"standard","meta":{"footnotes":""},"categories":[2],"tags":[],"class_list":["post-4358","post","type-post","status-publish","format-standard","has-post-thumbnail","hentry","category-actual"],"_links":{"self":[{"href":"https:\/\/247stiri.ro\/index.php\/wp-json\/wp\/v2\/posts\/4358","targetHints":{"allow":["GET"]}}],"collection":[{"href":"https:\/\/247stiri.ro\/index.php\/wp-json\/wp\/v2\/posts"}],"about":[{"href":"https:\/\/247stiri.ro\/index.php\/wp-json\/wp\/v2\/types\/post"}],"replies":[{"embeddable":true,"href":"https:\/\/247stiri.ro\/index.php\/wp-json\/wp\/v2\/comments?post=4358"}],"version-history":[{"count":0,"href":"https:\/\/247stiri.ro\/index.php\/wp-json\/wp\/v2\/posts\/4358\/revisions"}],"wp:featuredmedia":[{"embeddable":true,"href":"https:\/\/247stiri.ro\/index.php\/wp-json\/wp\/v2\/media\/4357"}],"wp:attachment":[{"href":"https:\/\/247stiri.ro\/index.php\/wp-json\/wp\/v2\/media?parent=4358"}],"wp:term":[{"taxonomy":"category","embeddable":true,"href":"https:\/\/247stiri.ro\/index.php\/wp-json\/wp\/v2\/categories?post=4358"},{"taxonomy":"post_tag","embeddable":true,"href":"https:\/\/247stiri.ro\/index.php\/wp-json\/wp\/v2\/tags?post=4358"}],"curies":[{"name":"wp","href":"https:\/\/api.w.org\/{rel}","templated":true}]}}