{"id":43581,"date":"2025-03-29T15:44:51","date_gmt":"2025-03-29T15:44:51","guid":{"rendered":"https:\/\/247stiri.ro\/index.php\/2025\/03\/29\/barbat-de-42-de-ani-gasit-decedat-intr-o-masina-in-parcarea-unei-societati-din-voluntari\/"},"modified":"2025-03-29T15:44:51","modified_gmt":"2025-03-29T15:44:51","slug":"barbat-de-42-de-ani-gasit-decedat-intr-o-masina-in-parcarea-unei-societati-din-voluntari","status":"publish","type":"post","link":"https:\/\/247stiri.ro\/index.php\/2025\/03\/29\/barbat-de-42-de-ani-gasit-decedat-intr-o-masina-in-parcarea-unei-societati-din-voluntari\/","title":{"rendered":"B\u0103rbat de 42 de ani, g\u0103sit decedat \u00eentr-o ma\u0219in\u0103 \u00een parcarea unei societ\u0103\u021bi din Voluntari"},"content":{"rendered":"<p>&#8221;La data de 29 martie, \u00een jurul orei 13:00, poli\u021bi\u0219ti din cadrul Poli\u021biei Ora\u0219ului Voluntari au fost sesiza\u021bi prin S.N.U.A.U. 112 de c\u0103tre un cet\u0103\u021bean cu privire la faptul c\u0103 \u00een parcarea unei societ\u0103\u021bi comerciale din ora\u0219ul Voluntari se afl\u0103 o persoan\u0103 decedat\u0103 \u00eentr-un autoturism&#8221;, precizeaz\u0103 IPJ Ilfov.\u00cen urma primelor verific\u0103ri efectuate de poli\u021bi\u0219tii ajun\u0219i la fa\u021ba locului, a fost stabilit\u0103 identitatea persoanei \u00een cauz\u0103 &#8211; un b\u0103rbat de 42 de ani.Poli\u021bi\u0219tii efectueaz\u0103 verific\u0103ri specifice pentru stabilirea tuturor cauzelor \u00een care s-a produs evenimentul \u0219i luarea m\u0103surilor legale care se impun.\u00a0<\/p>\n<p><a title=\"Militarul de 30 de ani impuscat in cap a decedat. Barbatul era internat la Spitalul Militar din Capitala\" href=\"https:\/\/www.realitatea.net\/stiri\/actual\/militarul-de-30-de-ani-impuscat-in-cap-a-decedat-barbatul-era-internat-la-spitalul-militar-din-capitala_67e7efae09381c6dfb5e19f2\">Militarul de 30 de ani \u00eempu\u0219cat \u00een cap a decedat. B\u0103rbatul era internat la Spitalul Militar din Capital\u0103<\/a><\/p>","protected":false},"excerpt":{"rendered":"<p>&#8221;La data de 29 martie, \u00een jurul orei 13:00, poli\u021bi\u0219ti din cadrul Poli\u021biei Ora\u0219ului Voluntari&hellip;<\/p>\n","protected":false},"author":0,"featured_media":43582,"comment_status":"open","ping_status":"open","sticky":false,"template":"","format":"standard","meta":{"footnotes":""},"categories":[2],"tags":[],"class_list":["post-43581","post","type-post","status-publish","format-standard","has-post-thumbnail","hentry","category-actual"],"_links":{"self":[{"href":"https:\/\/247stiri.ro\/index.php\/wp-json\/wp\/v2\/posts\/43581","targetHints":{"allow":["GET"]}}],"collection":[{"href":"https:\/\/247stiri.ro\/index.php\/wp-json\/wp\/v2\/posts"}],"about":[{"href":"https:\/\/247stiri.ro\/index.php\/wp-json\/wp\/v2\/types\/post"}],"replies":[{"embeddable":true,"href":"https:\/\/247stiri.ro\/index.php\/wp-json\/wp\/v2\/comments?post=43581"}],"version-history":[{"count":0,"href":"https:\/\/247stiri.ro\/index.php\/wp-json\/wp\/v2\/posts\/43581\/revisions"}],"wp:featuredmedia":[{"embeddable":true,"href":"https:\/\/247stiri.ro\/index.php\/wp-json\/wp\/v2\/media\/43582"}],"wp:attachment":[{"href":"https:\/\/247stiri.ro\/index.php\/wp-json\/wp\/v2\/media?parent=43581"}],"wp:term":[{"taxonomy":"category","embeddable":true,"href":"https:\/\/247stiri.ro\/index.php\/wp-json\/wp\/v2\/categories?post=43581"},{"taxonomy":"post_tag","embeddable":true,"href":"https:\/\/247stiri.ro\/index.php\/wp-json\/wp\/v2\/tags?post=43581"}],"curies":[{"name":"wp","href":"https:\/\/api.w.org\/{rel}","templated":true}]}}