{"id":43609,"date":"2025-03-29T18:44:55","date_gmt":"2025-03-29T18:44:55","guid":{"rendered":"https:\/\/247stiri.ro\/index.php\/2025\/03\/29\/danezii-au-iesit-in-strada-sa-isi-strige-nemultumirea-fata-de-presiunea-lui-donald-trump-asupra-groenlandei\/"},"modified":"2025-03-29T18:44:55","modified_gmt":"2025-03-29T18:44:55","slug":"danezii-au-iesit-in-strada-sa-isi-strige-nemultumirea-fata-de-presiunea-lui-donald-trump-asupra-groenlandei","status":"publish","type":"post","link":"https:\/\/247stiri.ro\/index.php\/2025\/03\/29\/danezii-au-iesit-in-strada-sa-isi-strige-nemultumirea-fata-de-presiunea-lui-donald-trump-asupra-groenlandei\/","title":{"rendered":"Danezii au ie\u0219it \u00een strad\u0103 s\u0103 \u00ee\u0219i strige nemul\u021bumirea fa\u021b\u0103 de presiunea lui Donald Trump asupra Groenlandei"},"content":{"rendered":"<p>Aproape 2.000 de persoane s-au adunat \u00een fa\u021ba cl\u0103dirii ambasadei SUA la Copenhaga, \u00een timp ce aproximativ 1.000 s-au adunat \u00een centrul ora\u0219ului Aarhus, al doilea ora\u0219 ca m\u0103rime din Danemarca, pentru a-\u0219i ar\u0103ta solidaritatea cu insula arctic\u0103.<\/p>\n\n<p>\u201dGroenlanda este sub o presiune dispropor\u021bionat\u0103 din partea Statelor Unite. \u00centotdeauna a fost o \u021bar\u0103 pa\u0219nic\u0103, nu am avut niciodat\u0103 aceast\u0103 g\u00e2ndire de criz\u0103, este ceva nou\u201d, explic\u0103 pentru EFE Henriette Berthelsen, care a participat la organizarea protestului de la Copenhaga.<\/p>\n<p><a title=\"Groenlanda a facut Sapca Anti-SUA, cu care sa ii intampine pe oficialii americani care vin in vizita\" href=\"https:\/\/www.realitatea.net\/stiri\/actual\/groenlanda-a-facut-sapca-antisua-cu-care-sa-ii-intampine-pe-oficialii-americani-care-vin-in-vizita_67e411d1a8f9c026503bf776\">Groenlanda a f\u0103cut \u0218apca Anti-SUA, cu care s\u0103 \u00eei \u00eent\u00e2mpine pe oficialii americani care vin \u00een vizit\u0103<\/a><\/p>\n<p>Aceast\u0103 asistent\u0103 groenlandez\u0103 care locuie\u0219te \u00een Danemarca de zeci de ani recunoa\u0219te c\u0103 se simte \u201dneputincioas\u0103\u201d \u00een fa\u021ba amenin\u021b\u0103rilor din partea SUA \u0219i consider\u0103 c\u0103 o demonstra\u021bie de acest tip este modul ei de a-\u0219i asuma &#8222;responsabilitatea&#8221; \u0219i de a-\u0219i ar\u0103ta sprijinul pentru Groenlanda, scrie Agerpres.<\/p>\n\n<p>Protestul are loc la o zi dup\u0103 vizita controversat\u0103 a vicepre\u0219edintelui SUA, JD Vance, la baza american\u0103 din Pittufik (nord-vestul Groenlandei).<\/p>\n<p>Acea vizit\u0103 a avut loc la c\u00e2teva zile dup\u0103 ce o c\u0103l\u0103torie a so\u021biei sale, Usha Vance, \u00een capitala Nuuk \u0219i Sisimiut, unde urma s\u0103 participe la o curs\u0103 de s\u0103nii cu c\u00e2ini, a fost anulat\u0103 \u00een urma criticilor din partea guvernelor danez \u0219i groenlandez fa\u021b\u0103 de o astfel de vizit\u0103 \u00eentr-un moment \u00een care Groenlanda nu avea guvern \u00een urma alegerilor recente.<\/p>\n\n<p><a title='Argumentul lui Donald Trump pentru preluarea Groenlandei: ,,Vorbim despre pacea mondiala\"' href=\"https:\/\/www.realitatea.net\/stiri\/actual\/argumentele-lui-donald-trump-pentru-preluarea-groenlandei-vorbim-despre-pacea-mondiala_67e703f1ca6c2f0f08667b7e\">Argumentul lui Donald Trump pentru preluarea Groenlandei: \u201eVorbim despre pacea mondial\u0103\u201d<\/a><\/p>\n<p>\u201dA fost un mod ur\u00e2t de a te comporta, pretinz\u00e2nd c\u0103 vin ca turi\u0219ti \u0219i sosind cu avioane uria\u0219e Hercules, personal de securitate, ma\u0219ini blindate&#8230; A fost o \u00eencercare de a \u00een\u0219ela oamenii \u0219i de a-i manipula. Nu este \u00een regul\u0103, nu ar trebui s\u0103 accept\u0103m asta&#8221;, spune Berthelsen, care recunoa\u0219te c\u0103 \u00eei este \u201dfric\u0103\u201d de ceea ce s-ar putea \u00eent\u00e2mpla.<\/p>\n<p>Mesajele \u00een ap\u0103rarea insulei, de tipul \u201dGroenlanda apar\u021bine groenlandezilor\u201d, \u0219i aluziile la Trump au fost foarte prezente pe bannerele afi\u0219ate la manifesta\u021bia de la Copenhaga \u0219i \u00een cuvintele celor care au \u021binut discursuri, printre ei, fostul lider social-democrat Mogens Lykketoft \u0219i Pelle Dragsted, purt\u0103tor de cuv\u00e2nt al Alian\u021bei Ro\u0219u-Verde.<\/p>\n\n<p>La sf\u00e2r\u0219itul vizitei sale la Pituffik, Vance a criticat vineri Danemarca pentru c\u0103 nu a f\u0103cut o &#8222;treab\u0103 bun\u0103&#8221; pe insul\u0103 \u0219i c\u0103 ar fi mai bine ca groenlandezii s\u0103 fac\u0103 parte din SUA.<\/p>\n<p>\u201dCeea ce credem c\u0103 se va \u00eent\u00e2mpla este c\u0103 groenlandezii vor alege s\u0103 fie independen\u021bi de Danemarca \u0219i apoi vom avea conversa\u021bii cu ei din acel punct. Cred c\u0103 este prea prematur s\u0103 vorbim despre ceva prea departe \u00een viitor\u201d, a spus el.<\/p>\n\n<p>Prim-ministrul danez Mette Frederiksen a calificat criticile lui Vance drept \u201dnedrepte\u201d, \u00een timp ce ministrul danez de externe Lars Lokke Rasmussen le-a calificat drept &#8222;nepotrivite\u201d \u0219i a \u00eendemnat SUA s\u0103 \u201dse priveasc\u0103 \u00een oglind\u0103\u201d.\u00a0<\/p>\n<p><a title='JD Vance a ajuns in Groenlanda, unde a avut parte de o primire ,,rece\". Autoritatile l-au pus la punct: ,,Nu am lansat nicio invitatie pentru nicio vizita\"' href=\"https:\/\/www.realitatea.net\/stiri\/actual\/jd-vance-a-ajuns-in-groenlanda-unde-a-avut-parte-de-o-primire-rece-autoritatile-lau-pus-la-punct-guvernul-groenlandei-nu-a-lansat-nicio-invitatie-pentru-nicio-vizita_67e6eb86006c35595653b922\">JD Vance a ajuns \u00een Groenlanda, unde a avut parte de o primire \u201erece\u201d. Autorit\u0103\u021bile l-au pus la punct: \u201eNu am lansat nicio invita\u021bie pentru nicio vizit\u0103\u201d<\/a><\/p>","protected":false},"excerpt":{"rendered":"<p>Aproape 2.000 de persoane s-au adunat \u00een fa\u021ba cl\u0103dirii ambasadei SUA la Copenhaga, \u00een timp&hellip;<\/p>\n","protected":false},"author":0,"featured_media":43606,"comment_status":"open","ping_status":"open","sticky":false,"template":"","format":"standard","meta":{"footnotes":""},"categories":[2],"tags":[],"class_list":["post-43609","post","type-post","status-publish","format-standard","has-post-thumbnail","hentry","category-actual"],"_links":{"self":[{"href":"https:\/\/247stiri.ro\/index.php\/wp-json\/wp\/v2\/posts\/43609","targetHints":{"allow":["GET"]}}],"collection":[{"href":"https:\/\/247stiri.ro\/index.php\/wp-json\/wp\/v2\/posts"}],"about":[{"href":"https:\/\/247stiri.ro\/index.php\/wp-json\/wp\/v2\/types\/post"}],"replies":[{"embeddable":true,"href":"https:\/\/247stiri.ro\/index.php\/wp-json\/wp\/v2\/comments?post=43609"}],"version-history":[{"count":0,"href":"https:\/\/247stiri.ro\/index.php\/wp-json\/wp\/v2\/posts\/43609\/revisions"}],"wp:featuredmedia":[{"embeddable":true,"href":"https:\/\/247stiri.ro\/index.php\/wp-json\/wp\/v2\/media\/43606"}],"wp:attachment":[{"href":"https:\/\/247stiri.ro\/index.php\/wp-json\/wp\/v2\/media?parent=43609"}],"wp:term":[{"taxonomy":"category","embeddable":true,"href":"https:\/\/247stiri.ro\/index.php\/wp-json\/wp\/v2\/categories?post=43609"},{"taxonomy":"post_tag","embeddable":true,"href":"https:\/\/247stiri.ro\/index.php\/wp-json\/wp\/v2\/tags?post=43609"}],"curies":[{"name":"wp","href":"https:\/\/api.w.org\/{rel}","templated":true}]}}