{"id":43614,"date":"2025-03-29T19:44:50","date_gmt":"2025-03-29T19:44:50","guid":{"rendered":"https:\/\/247stiri.ro\/index.php\/2025\/03\/29\/daniel-baluta-a-anuntat-ca-va-candida-la-primaria-capitalei-am-convingerea-ca-as-putea-fi-un-primar-mult-mai-bun-decat-nicusor-dan\/"},"modified":"2025-03-29T19:44:50","modified_gmt":"2025-03-29T19:44:50","slug":"daniel-baluta-a-anuntat-ca-va-candida-la-primaria-capitalei-am-convingerea-ca-as-putea-fi-un-primar-mult-mai-bun-decat-nicusor-dan","status":"publish","type":"post","link":"https:\/\/247stiri.ro\/index.php\/2025\/03\/29\/daniel-baluta-a-anuntat-ca-va-candida-la-primaria-capitalei-am-convingerea-ca-as-putea-fi-un-primar-mult-mai-bun-decat-nicusor-dan\/","title":{"rendered":"Daniel B\u0103lu\u0163\u0103 a anun\u0163at c\u0103 va candida la Prim\u0103ria Capitalei: \u201eAm convingerea c\u0103 a\u015f putea fi un primar mult mai bun dec\u00e2t Nicu\u015for Dan\u201d"},"content":{"rendered":"<p>Daniel B\u0103lu\u021b\u0103 ia \u00een calcul o candidatur\u0103 la Prim\u0103ria Capitalei \u00een 2028, consider\u00e2ndu-se un primar mai bun dec\u00e2t Nicu\u0219or Dan \u0219i dorindu-\u0219i s\u0103-l \u00eenving\u0103 pe acesta la vot.<\/p>\n<p>\u201e\u015ei am convingerea c\u0103 a\u015f putea fi un primar mult mai bun dec\u00e2t domnul Nicu\u015for Dan. \u015ei, da, mi-ar face pl\u0103cere ca prin votul popular s\u0103 \u00eel pot trimite acas\u0103. Pentru c\u0103 eu consider c\u0103 \u00eei sunt de ajutor. D\u00e2nsul, fiind obi\u015fnuit s\u0103 nu fac\u0103 nimic, este mai bine s\u0103 se duc\u0103 acas\u0103 s\u0103 se odihneasc\u0103\u201d, a declarat B\u0103lu\u0163\u0103 la un post tv.<\/p>\n<p>Primarul sectorului 4 este convins c\u0103 ar fi un edil mai bun dec\u00e2t actualul primar general.<\/p>\n<p><a title='Baluta: ,,Nicusor Dan blocheaza intentionat si cu rea-credinta  proiectul Planseului Unirii\"' href=\"https:\/\/www.realitatea.net\/stiri\/actual\/nicusor-dan-blocheaza-intentionat-si-cu-reacredinta-proiectul-de-refacere-a-planseului-unirii-plangere-penala-pe-numele-primarului-general-pentru-abuz-in-serviciu-prin-vatamarea-interesului-public_67e29af6bd16685a3f1c3422\">B\u0103lu\u021b\u0103: \u201eNicu\u0219or Dan blocheaz\u0103 inten\u021bionat \u0219i cu rea-credin\u021b\u0103 proiectul Plan\u0219eului Unirii\u201d<\/a><\/p>\n<p>\u201eEu trebuie s\u0103 candidez \u015fi am convingerea c\u0103 pot fi, prin rezultatele pe care le ob\u0163inem, un primar mai bun dec\u00e2t Nicu\u015for Dan\u201d, a mai afirmat Daniel B\u0103lu\u0163\u0103.<\/p>\n<p>Daniel B\u0103lu\u021b\u0103 consider\u0103 c\u0103 Nicu\u0219or Dan nu ar trebui s\u0103 ajung\u0103 pre\u0219edintele Rom\u00e2niei, acuz\u00e2ndu-l c\u0103 a blocat Bucure\u0219tiul \u0219i c\u0103 nu a realizat nimic concret \u00een mandatul s\u0103u de primar.<\/p>\n<p>El \u00eel nume\u0219te impostor \u0219i sus\u021bine c\u0103 a \u00een\u0219elat a\u0219tept\u0103rile bucure\u0219tenilor at\u00e2t prin lipsa de rezultate, c\u00e2t \u0219i printr-o imagine fals\u0103 a realit\u0103\u021bii. B\u0103lu\u021b\u0103 contest\u0103 afirma\u021biile lui Nicu\u0219or Dan privind gestionarea datoriilor \u0219i modernizarea infrastructurii ora\u0219ului, sus\u021bin\u00e2nd c\u0103 lucr\u0103rile la re\u021beaua de termoficare se desf\u0103\u0219oar\u0103 \u00eentr-un ritm extrem de lent.<\/p>\n<p>Edilul sectorului 4 a mai spus c\u0103 a luat \u00een calcul o candidatur\u0103 la alegerile locale din 2024, dar a renun\u021bat.<\/p>\n<p>\u201eConjunctura momentului nu a fost potrivit\u0103\u201d, a spus el.<\/p>\n<p><a href=\"https:\/\/www.realitatea.net\/stiri\/actual\/primarul-sectorului-4-daniel-baluta-atac-fara-precedent-la-adresa-lui-nicusor-dan-cat-trebuie-sa-mai-asistam-la-acest-abuz-si-sa-inghitim-minciunile-primarului-general_67e2d7ca81461f15464735d8\" target=\"_blank\">Primarul Sectorului 4, Daniel B\u0103lu\u021b\u0103, atac f\u0103r\u0103 precedent la adresa lui Nicu\u0219or Dan: C\u00e2t trebuie s\u0103 mai asist\u0103m la acest abuz \u0219i s\u0103 \u00eenghi\u021bim minciunile Primarului General?<\/a><\/p>","protected":false},"excerpt":{"rendered":"<p>Daniel B\u0103lu\u021b\u0103 ia \u00een calcul o candidatur\u0103 la Prim\u0103ria Capitalei \u00een 2028, consider\u00e2ndu-se un primar&hellip;<\/p>\n","protected":false},"author":0,"featured_media":43615,"comment_status":"open","ping_status":"open","sticky":false,"template":"","format":"standard","meta":{"footnotes":""},"categories":[2],"tags":[],"class_list":["post-43614","post","type-post","status-publish","format-standard","has-post-thumbnail","hentry","category-actual"],"_links":{"self":[{"href":"https:\/\/247stiri.ro\/index.php\/wp-json\/wp\/v2\/posts\/43614","targetHints":{"allow":["GET"]}}],"collection":[{"href":"https:\/\/247stiri.ro\/index.php\/wp-json\/wp\/v2\/posts"}],"about":[{"href":"https:\/\/247stiri.ro\/index.php\/wp-json\/wp\/v2\/types\/post"}],"replies":[{"embeddable":true,"href":"https:\/\/247stiri.ro\/index.php\/wp-json\/wp\/v2\/comments?post=43614"}],"version-history":[{"count":0,"href":"https:\/\/247stiri.ro\/index.php\/wp-json\/wp\/v2\/posts\/43614\/revisions"}],"wp:featuredmedia":[{"embeddable":true,"href":"https:\/\/247stiri.ro\/index.php\/wp-json\/wp\/v2\/media\/43615"}],"wp:attachment":[{"href":"https:\/\/247stiri.ro\/index.php\/wp-json\/wp\/v2\/media?parent=43614"}],"wp:term":[{"taxonomy":"category","embeddable":true,"href":"https:\/\/247stiri.ro\/index.php\/wp-json\/wp\/v2\/categories?post=43614"},{"taxonomy":"post_tag","embeddable":true,"href":"https:\/\/247stiri.ro\/index.php\/wp-json\/wp\/v2\/tags?post=43614"}],"curies":[{"name":"wp","href":"https:\/\/api.w.org\/{rel}","templated":true}]}}