{"id":43640,"date":"2025-03-29T22:45:42","date_gmt":"2025-03-29T22:45:42","guid":{"rendered":"https:\/\/247stiri.ro\/index.php\/2025\/03\/29\/europa-si-china-isi-dau-mana-si-ii-pregatesc-lui-donald-trump-o-lovitura-sub-centura\/"},"modified":"2025-03-29T22:45:42","modified_gmt":"2025-03-29T22:45:42","slug":"europa-si-china-isi-dau-mana-si-ii-pregatesc-lui-donald-trump-o-lovitura-sub-centura","status":"publish","type":"post","link":"https:\/\/247stiri.ro\/index.php\/2025\/03\/29\/europa-si-china-isi-dau-mana-si-ii-pregatesc-lui-donald-trump-o-lovitura-sub-centura\/","title":{"rendered":"Europa \u0219i China \u00ee\u0219i dau m\u00e2na \u0219i \u00eei preg\u0103tesc lui Donald Trump o lovitur\u0103 sub centur\u0103"},"content":{"rendered":"<p>Ministerul chinez al comer\u021bului a descris \u00eent\u00e2lnirea de vineri drept un schimb de opinii pragmatic.<\/p>\n<p>Sefcovic a postat pe X c\u0103 este necesar s\u0103 se asigure c\u0103 rela\u021bia UE-China \u201ese bazeaz\u0103 pe condi\u021bii de concuren\u021b\u0103 echitabile, \u00een ceea ce prive\u0219te fluxurile comerciale, precum \u0219i investi\u021biile, cu deschiderea simetric\u0103 a pie\u021belor\u201d.<\/p>\n<p>Apropiere Europa \u2013 China, sub presiunea politicii americane<\/p>\n<p>Reuters noteaz\u0103 c\u0103 \u00eenal\u021bi func\u021bionari de la Beijing \u0219i din Europa caut\u0103 un teren comun, \u00een ciuda disputelor comerciale de lung\u0103 durat\u0103, \u00een timp ce administra\u021bia american\u0103 a pre\u0219edintelui Donald Trump amenin\u021b\u0103 s\u0103 bulverseze leg\u0103turile transatlantice \u0219i comer\u021bul mondial.<\/p>\n<p><a title=\"SUA au demarat o adevarata vanatoare globala de oua. Pretul acestora a explodat si americanii sunt disperati  \" href=\"https:\/\/www.realitatea.net\/stiri\/actual\/sua-au-demarat-o-adevarata-vanatoare-globala-de-oua-pretul-acestora-a-explodat-si-americanii-sunt-disperati_67e71a5ff833ce1f6f485fc2\">SUA au demarat o adev\u0103rat\u0103 v\u00e2n\u0103toare global\u0103 de ou\u0103. Pre\u021bul acestora a explodat \u0219i americanii sunt dispera\u021bi<\/a><\/p>\n<p>Ministrul german de Finan\u0163e, Joerg Kukies, a avertizat vineri c\u0103 noile tarife vamale impuse de Statele Unite vor lovi puternic at\u00e2t economia german\u0103, c\u00e2t \u015fi pe cea american\u0103 \u015fi a spus c\u0103 Berlinul depune eforturi pentru a preveni declan\u015farea unui r\u0103zboi comercial de amploare, transmite Reuters.<\/p>\n<p>Declara\u0163ia vine dup\u0103 \u00eent\u00e2lnirea lui Kukies la Washington cu omologul s\u0103u american, secretarul Trezoreriei Scott Bessent, \u015fi al\u0163i membri ai administra\u0163iei Trump.<\/p>\n<p>Statele Unite au anun\u0163at miercuri sear\u0103 impunerea unor tarife de 25% pentru importurile de autoturisme finite \u015fi anumite componente auto, \u00eencep\u00e2nd cu 3 aprilie. M\u0103sura a anulat speran\u0163ele privind o eventual\u0103 relaxare sau scutire de la taxe, alimentate anterior de o serie de ajust\u0103ri temporare ale politicii comerciale americane.<\/p>\n<p>Tarifele\u00a0lui Trump declan\u0219eaz\u0103 o lupt\u0103 f\u0103r\u0103 \u00eenving\u0103tori<\/p>\n<p>\u201eTarifele mai ridicate vor lovi \u00een special produc\u0103torii auto germani \u015fi, implicit, \u00eentreaga economie german\u0103. \u00cens\u0103 vor afecta \u015fi economia american\u0103, deoarece vor face ca importurile s\u0103 fie mai scumpe \u015fi vor duce la cre\u015fteri de pre\u0163uri pentru consumatorii din SUA\u201d, a spus Kukies.<\/p>\n<p>Industria auto european\u0103, \u00een special marii produc\u0103tori germani, are o expunere considerabil\u0103 la exporturi, fiind vulnerabil\u0103 \u00een fa\u0163a unor astfel de m\u0103suri comerciale.<\/p>\n<p>\u201eLa nivel european, vom continua s\u0103 lucr\u0103m la m\u0103suri pentru protejarea propriei economii. \u00cens\u0103 este clar c\u0103 \u00eentr-un conflict comercial nu exist\u0103 c\u00e2\u015ftig\u0103tori, ci doar pierz\u0103tori\u201d, a ad\u0103ugat ministrul german.<\/p>\n<p><a title=\"Danezii au iesit in strada sa isi strige nemultumirea fata de presiunea lui Donald Trump asupra Groenlandei\" href=\"https:\/\/www.realitatea.net\/stiri\/actual\/danezii-au-iesit-in-strada-sa-isi-strige-nemultumirea-fata-de-presiunea-lui-donald-trump-asupra-groenlandei_67e83784fe2dce67941c4eb6\">Danezii au ie\u0219it \u00een strad\u0103 s\u0103 \u00ee\u0219i strige nemul\u021bumirea fa\u021b\u0103 de presiunea lui Donald Trump asupra Groenlandei<\/a><\/p>","protected":false},"excerpt":{"rendered":"<p>Ministerul chinez al comer\u021bului a descris \u00eent\u00e2lnirea de vineri drept un schimb de opinii pragmatic.&hellip;<\/p>\n","protected":false},"author":0,"featured_media":43639,"comment_status":"open","ping_status":"open","sticky":false,"template":"","format":"standard","meta":{"footnotes":""},"categories":[2],"tags":[],"class_list":["post-43640","post","type-post","status-publish","format-standard","has-post-thumbnail","hentry","category-actual"],"_links":{"self":[{"href":"https:\/\/247stiri.ro\/index.php\/wp-json\/wp\/v2\/posts\/43640","targetHints":{"allow":["GET"]}}],"collection":[{"href":"https:\/\/247stiri.ro\/index.php\/wp-json\/wp\/v2\/posts"}],"about":[{"href":"https:\/\/247stiri.ro\/index.php\/wp-json\/wp\/v2\/types\/post"}],"replies":[{"embeddable":true,"href":"https:\/\/247stiri.ro\/index.php\/wp-json\/wp\/v2\/comments?post=43640"}],"version-history":[{"count":0,"href":"https:\/\/247stiri.ro\/index.php\/wp-json\/wp\/v2\/posts\/43640\/revisions"}],"wp:featuredmedia":[{"embeddable":true,"href":"https:\/\/247stiri.ro\/index.php\/wp-json\/wp\/v2\/media\/43639"}],"wp:attachment":[{"href":"https:\/\/247stiri.ro\/index.php\/wp-json\/wp\/v2\/media?parent=43640"}],"wp:term":[{"taxonomy":"category","embeddable":true,"href":"https:\/\/247stiri.ro\/index.php\/wp-json\/wp\/v2\/categories?post=43640"},{"taxonomy":"post_tag","embeddable":true,"href":"https:\/\/247stiri.ro\/index.php\/wp-json\/wp\/v2\/tags?post=43640"}],"curies":[{"name":"wp","href":"https:\/\/api.w.org\/{rel}","templated":true}]}}