{"id":43649,"date":"2025-03-30T05:45:38","date_gmt":"2025-03-30T05:45:38","guid":{"rendered":"https:\/\/247stiri.ro\/index.php\/2025\/03\/30\/povestea-emotionanta-a-militarului-gasit-impuscat-in-gorj-barbatul-era-casatorit-si-avea-un-copil-familia-nu-si-explica-gestul-sau\/"},"modified":"2025-03-30T05:45:38","modified_gmt":"2025-03-30T05:45:38","slug":"povestea-emotionanta-a-militarului-gasit-impuscat-in-gorj-barbatul-era-casatorit-si-avea-un-copil-familia-nu-si-explica-gestul-sau","status":"publish","type":"post","link":"https:\/\/247stiri.ro\/index.php\/2025\/03\/30\/povestea-emotionanta-a-militarului-gasit-impuscat-in-gorj-barbatul-era-casatorit-si-avea-un-copil-familia-nu-si-explica-gestul-sau\/","title":{"rendered":"Povestea emo\u021bionant\u0103 a militarului g\u0103sit \u00eempu\u0219cat \u00een Gorj. B\u0103rbatul era c\u0103s\u0103torit \u0219i avea un copil: familia nu-\u0219i explic\u0103 gestul s\u0103u"},"content":{"rendered":"<p>Alexandru M\u0103tu\u0219a avea doar 30 de ani, era c\u0103s\u0103torit \u0219i era tat\u0103l unui b\u0103ie\u021bel. T\u00e2n\u0103rul \u0219i-a \u00eenceput cariera de militar \u00een urm\u0103 cu 8 ani la batalionul din Craiova, iar dup\u0103 6 ani s-a transferat la T\u00e2rgu-Jiu, acolo unde avea s\u0103 \u00ee\u0219i g\u0103seasc\u0103 sf\u00e2r\u0219itul.<\/p>\n\n<p><a href=\"https:\/\/www.realitatea.net\/stiri\/actual\/un-militar-impuscat-in-cap-in-stare-grava-la-spital-tanarul-lucreaza-la-o-garnizoana-din-targu-jiu_67e100cad78fbd0b0057ef72\" target=\"_blank\">Militarul de 30 de ani \u00eempu\u0219cat \u00een cap va fi transferat \u00een Bucure\u0219ti. Ce \u0219anse de supravie\u021buire are<\/a><\/p>\n<p>Alexandru M\u0103tu\u0219a a fost g\u0103sit \u00eempu\u0219cat \u00een cap de colegii lui \u0219i s-a stins din via\u021b\u0103 dup\u0103 5 zile de com\u0103 la Spitalul Militar din Capital\u0103, acolo unde a fost transferat cu un elicopter SMURD. \u00cen urma cercet\u0103rilor s-a stabilit c\u0103 t\u00e2n\u0103rul a decis s\u0103 \u00ee\u0219i curme via\u021ba, f\u0103r\u0103 s\u0103 lase un bilet de adio.<\/p>\n<p>Multe semne de \u00eentrebare au r\u0103mas \u00een urma tragediei. Familia t\u00e2n\u0103rului, care se preg\u0103te\u0219te acum de \u00eenmorm\u00e2ntare, nu \u00ee\u0219i poate da seama ce l-a f\u0103cut pe b\u0103rbat s\u0103 recurg\u0103 la gestul extrem.\u00a0<\/p>","protected":false},"excerpt":{"rendered":"<p>Alexandru M\u0103tu\u0219a avea doar 30 de ani, era c\u0103s\u0103torit \u0219i era tat\u0103l unui b\u0103ie\u021bel. T\u00e2n\u0103rul&hellip;<\/p>\n","protected":false},"author":0,"featured_media":43650,"comment_status":"open","ping_status":"open","sticky":false,"template":"","format":"standard","meta":{"footnotes":""},"categories":[2],"tags":[],"class_list":["post-43649","post","type-post","status-publish","format-standard","has-post-thumbnail","hentry","category-actual"],"_links":{"self":[{"href":"https:\/\/247stiri.ro\/index.php\/wp-json\/wp\/v2\/posts\/43649","targetHints":{"allow":["GET"]}}],"collection":[{"href":"https:\/\/247stiri.ro\/index.php\/wp-json\/wp\/v2\/posts"}],"about":[{"href":"https:\/\/247stiri.ro\/index.php\/wp-json\/wp\/v2\/types\/post"}],"replies":[{"embeddable":true,"href":"https:\/\/247stiri.ro\/index.php\/wp-json\/wp\/v2\/comments?post=43649"}],"version-history":[{"count":0,"href":"https:\/\/247stiri.ro\/index.php\/wp-json\/wp\/v2\/posts\/43649\/revisions"}],"wp:featuredmedia":[{"embeddable":true,"href":"https:\/\/247stiri.ro\/index.php\/wp-json\/wp\/v2\/media\/43650"}],"wp:attachment":[{"href":"https:\/\/247stiri.ro\/index.php\/wp-json\/wp\/v2\/media?parent=43649"}],"wp:term":[{"taxonomy":"category","embeddable":true,"href":"https:\/\/247stiri.ro\/index.php\/wp-json\/wp\/v2\/categories?post=43649"},{"taxonomy":"post_tag","embeddable":true,"href":"https:\/\/247stiri.ro\/index.php\/wp-json\/wp\/v2\/tags?post=43649"}],"curies":[{"name":"wp","href":"https:\/\/api.w.org\/{rel}","templated":true}]}}