{"id":43657,"date":"2025-03-30T06:44:59","date_gmt":"2025-03-30T06:44:59","guid":{"rendered":"https:\/\/247stiri.ro\/index.php\/2025\/03\/30\/sistemul-blocheaza-suveranistii-de-aproape-un-an-dosarele-tinute-la-sertar-date-bomba\/"},"modified":"2025-03-30T06:44:59","modified_gmt":"2025-03-30T06:44:59","slug":"sistemul-blocheaza-suveranistii-de-aproape-un-an-dosarele-tinute-la-sertar-date-bomba","status":"publish","type":"post","link":"https:\/\/247stiri.ro\/index.php\/2025\/03\/30\/sistemul-blocheaza-suveranistii-de-aproape-un-an-dosarele-tinute-la-sertar-date-bomba\/","title":{"rendered":"Sistemul BLOCHEAZ\u0102 suverani\u0219tii de aproape un an: dosarele, \u021binute la sertar. DATE BOMB\u0102!"},"content":{"rendered":"<p>Vorbim despre mai multe dosare penale deschise p\u00e2n\u0103 \u00een aceste momente.\u00a0<\/p>\n<p>\u00cenainte de a \u00eencepe oficial campania pentru alegerile locale comasate cu cele europarlamentare, suverani\u0219tii se aflau deja sub un atac din partea sistemului. Erau deschise mai multe dosare, \u00eens\u0103 toate acestea stagnau.<\/p>\n<p>\u00cen luna iunie a anului 2024, procurorii de la Parchetul General au deschis un alt dosar penal \u00een care erau viza\u021bi reprezentan\u021bi AUR \u00een leg\u0103tur\u0103 cu scandalul semn\u0103turilor false pentru candidatura lui Silvestru \u0218o\u0219oac\u0103.\u00a0<\/p>\n<p>De atunci au trecut 10 luni, \u00eens\u0103 ancheta stagneaz\u0103 \u00een continuare. Practic trebuiau f\u0103cute mai multe perchezi\u021bii informatice, \u00eens\u0103 acestea au tot fost am\u00e2nate. De altfel, dispozitivele reprezentan\u021bilor AUR, dar \u0219i cele ale liderului George Simion se afl\u0103 \u00een continuare la procurori.\u00a0<\/p>\n<p>\u00cen paralel, apar alte acuza\u021bii. Procurorii de la Parchetul General au deschis un nou dosar penal in rem pentru instigare public\u0103. \u00cen acest dosar este men\u021bionat \u0219i numele liderului AUR George Simion. Vorbim despre ni\u0219te fapte destul de grave &#8211; despre instigare la violen\u021b\u0103, dar \u0219i despre un dosar care a fost deschis chiar \u00eenainte de a \u00eencepe oficial campania electoral\u0103.\u00a0<\/p>","protected":false},"excerpt":{"rendered":"<p>Vorbim despre mai multe dosare penale deschise p\u00e2n\u0103 \u00een aceste momente.\u00a0 \u00cenainte de a \u00eencepe&hellip;<\/p>\n","protected":false},"author":0,"featured_media":43656,"comment_status":"open","ping_status":"open","sticky":false,"template":"","format":"standard","meta":{"footnotes":""},"categories":[2],"tags":[],"class_list":["post-43657","post","type-post","status-publish","format-standard","has-post-thumbnail","hentry","category-actual"],"_links":{"self":[{"href":"https:\/\/247stiri.ro\/index.php\/wp-json\/wp\/v2\/posts\/43657","targetHints":{"allow":["GET"]}}],"collection":[{"href":"https:\/\/247stiri.ro\/index.php\/wp-json\/wp\/v2\/posts"}],"about":[{"href":"https:\/\/247stiri.ro\/index.php\/wp-json\/wp\/v2\/types\/post"}],"replies":[{"embeddable":true,"href":"https:\/\/247stiri.ro\/index.php\/wp-json\/wp\/v2\/comments?post=43657"}],"version-history":[{"count":0,"href":"https:\/\/247stiri.ro\/index.php\/wp-json\/wp\/v2\/posts\/43657\/revisions"}],"wp:featuredmedia":[{"embeddable":true,"href":"https:\/\/247stiri.ro\/index.php\/wp-json\/wp\/v2\/media\/43656"}],"wp:attachment":[{"href":"https:\/\/247stiri.ro\/index.php\/wp-json\/wp\/v2\/media?parent=43657"}],"wp:term":[{"taxonomy":"category","embeddable":true,"href":"https:\/\/247stiri.ro\/index.php\/wp-json\/wp\/v2\/categories?post=43657"},{"taxonomy":"post_tag","embeddable":true,"href":"https:\/\/247stiri.ro\/index.php\/wp-json\/wp\/v2\/tags?post=43657"}],"curies":[{"name":"wp","href":"https:\/\/api.w.org\/{rel}","templated":true}]}}