{"id":43672,"date":"2025-03-30T07:45:07","date_gmt":"2025-03-30T07:45:07","guid":{"rendered":"https:\/\/247stiri.ro\/index.php\/2025\/03\/30\/elena-lasconi-si-nicusor-dan-se-bat-pe-electorat-surse-retragerea-sefei-usr-nu-ar-schimba-clasamentul\/"},"modified":"2025-03-30T07:45:07","modified_gmt":"2025-03-30T07:45:07","slug":"elena-lasconi-si-nicusor-dan-se-bat-pe-electorat-surse-retragerea-sefei-usr-nu-ar-schimba-clasamentul","status":"publish","type":"post","link":"https:\/\/247stiri.ro\/index.php\/2025\/03\/30\/elena-lasconi-si-nicusor-dan-se-bat-pe-electorat-surse-retragerea-sefei-usr-nu-ar-schimba-clasamentul\/","title":{"rendered":"Elena Lasconi \u0219i Nicu\u0219or Dan se bat pe electorat. SURSE: Retragerea \u0219efei USR nu ar schimba clasamentul"},"content":{"rendered":"<p>Vorbim despre cheltuieli foarte mari \u00een\u00a0aceast\u0103\u00a0precampanie. Nicu\u0219or Dan spune c\u0103 to\u021bi ace\u0219ti bani vin din dona\u021bii. Mai exact, edilul spunea c\u0103 a str\u00e2ns peste 2,7 milioane de lei de la 9000 de persoane care au donat. Vorbim \u00eens\u0103 \u0219i de dona\u021bii foarte mari. Unele ajung chiar \u0219i la 800 de mii de lei, bani care vin de la oameni de afaceri, oameni de afaceri pe care Nicu\u0219or Dan \u00eei \u021bine ascun\u0219i \u00een aceste momente. El spune c\u0103 atunci c\u00e2nd va avea acordul lor s\u0103 spun\u0103 cine sunt, va face public acest lucru.Pe de alt\u0103 parte, ne uit\u0103m la sumele cheltuite pentru c\u0103 spunea c\u0103 sunt peste 200 de mii de euro cheltui\u021bi pentru amplasarea acelor panouri de campanie \u00een\u00a0\u00eentreaga\u00a0\u021bar\u0103. Iat\u0103 c\u0103 au ap\u0103rut \u0219i primele conflicte. \u00cen spa\u021biul public au ap\u0103rut c\u0103 Matei P\u0103un, omul de afaceri ce \u00eel ajut\u0103 pe Nicu\u0219or Dan \u00een aceast\u0103 campanie, ar fi schimbat panotajul f\u0103r\u0103 s\u0103 \u00eel \u00een\u0219tiin\u021beze.Edilul spunea c\u0103 a \u0219tiut de aceast\u0103 schimbare, \u00eens\u0103 exist\u0103 o diferen\u021b\u0103 \u00een ceea ce prive\u0219te acel slogan de campanie.Pe de alt\u0103 parte, sediul de campanie are chirie lunar\u0103 de 1000-1500 de euro, spunea Nicu\u0219or Dan \u00een declara\u021biile publice, \u0219i 500 de mii de euro a cheltuit doar pe campania din online.Mai este foarte pu\u021bin timp p\u00e2n\u0103 \u00eencepe campania electoral\u0103. Niciunul dintre candida\u021bii Elena\u00a0Lasconi\u00a0\u0219i Nicu\u0219or Dan nu vrea\u00a0s\u0103 se retrag\u0103. Surse Realitatea PLUS spun c\u0103 dac\u0103 s-ar retrage \u0219efa USR nu s-ar schimba foarte multe lucruri pentru c\u0103 deja candida\u021bii s-au \u00eendreptat c\u0103tre un anumit electorat \u0219i procentele nu s-ar schimba.<\/p>","protected":false},"excerpt":{"rendered":"<p>Vorbim despre cheltuieli foarte mari \u00een\u00a0aceast\u0103\u00a0precampanie. Nicu\u0219or Dan spune c\u0103 to\u021bi ace\u0219ti bani vin din&hellip;<\/p>\n","protected":false},"author":0,"featured_media":43673,"comment_status":"open","ping_status":"open","sticky":false,"template":"","format":"standard","meta":{"footnotes":""},"categories":[3],"tags":[],"class_list":["post-43672","post","type-post","status-publish","format-standard","has-post-thumbnail","hentry","category-politica"],"_links":{"self":[{"href":"https:\/\/247stiri.ro\/index.php\/wp-json\/wp\/v2\/posts\/43672","targetHints":{"allow":["GET"]}}],"collection":[{"href":"https:\/\/247stiri.ro\/index.php\/wp-json\/wp\/v2\/posts"}],"about":[{"href":"https:\/\/247stiri.ro\/index.php\/wp-json\/wp\/v2\/types\/post"}],"replies":[{"embeddable":true,"href":"https:\/\/247stiri.ro\/index.php\/wp-json\/wp\/v2\/comments?post=43672"}],"version-history":[{"count":0,"href":"https:\/\/247stiri.ro\/index.php\/wp-json\/wp\/v2\/posts\/43672\/revisions"}],"wp:featuredmedia":[{"embeddable":true,"href":"https:\/\/247stiri.ro\/index.php\/wp-json\/wp\/v2\/media\/43673"}],"wp:attachment":[{"href":"https:\/\/247stiri.ro\/index.php\/wp-json\/wp\/v2\/media?parent=43672"}],"wp:term":[{"taxonomy":"category","embeddable":true,"href":"https:\/\/247stiri.ro\/index.php\/wp-json\/wp\/v2\/categories?post=43672"},{"taxonomy":"post_tag","embeddable":true,"href":"https:\/\/247stiri.ro\/index.php\/wp-json\/wp\/v2\/tags?post=43672"}],"curies":[{"name":"wp","href":"https:\/\/api.w.org\/{rel}","templated":true}]}}