{"id":43676,"date":"2025-03-30T07:45:08","date_gmt":"2025-03-30T07:45:08","guid":{"rendered":"https:\/\/247stiri.ro\/index.php\/2025\/03\/30\/andrew-tate-acuzat-de-viol-de-fosta-iubita-din-sua-eram-speriata-de-moarte\/"},"modified":"2025-03-30T07:45:08","modified_gmt":"2025-03-30T07:45:08","slug":"andrew-tate-acuzat-de-viol-de-fosta-iubita-din-sua-eram-speriata-de-moarte","status":"publish","type":"post","link":"https:\/\/247stiri.ro\/index.php\/2025\/03\/30\/andrew-tate-acuzat-de-viol-de-fosta-iubita-din-sua-eram-speriata-de-moarte\/","title":{"rendered":"Andrew Tate, acuzat de VIOL de fosta iubit\u0103 din SUA: &#8222;Eram speriat\u0103 de moarte&#8221;"},"content":{"rendered":"<p>Fosta iubit\u0103 a lui Andrew Tate, un top-model din Statele Unite, a apelat la poli\u021bie imediat dup\u0103 ce milionarul britanic s-a \u00eentors \u00een Rom\u00e2nia, pentru a semna controlul judiciar.<\/p>\n<p>Femeia a m\u0103rturisit c\u0103 rela\u021bia cu Andrew Tate a durat 10 luni, timp \u00een care ar fi fost supus\u0103 la orori greu de imaginat.<\/p>\n<p>&#8222;Eram speriat\u0103 de moarte. At\u00e2t de speriat\u0103 c\u0103 eram \u00eengrozit\u0103 c\u0103 a\u015f putea muri. El m-a f\u0103cut s\u0103 ma simt confuz\u0103. \u00cemi spunea mereu c\u0103 m\u0103 iube\u0219te \u0219i nu mi-am imaginat c\u0103 poate s\u0103 fac\u0103 asta. Am sim\u021bit mult\u0103 confuzie \u0219i durere. E \u00eengrozitor s\u0103 vorbesc despre asta&#8221;, a povestit femeia.\u00a0<\/p>\n<p>Totodat\u0103, fosta iubit\u0103 a lui Andrew Tate le cere victimelor milionarului britanic s\u0103 ias\u0103 public cu dezv\u0103luiri, pentru a nu trece \u0219i alte femei prin ce au trecut ele.<\/p>\n<p>De altfel, Andrew Tate \u0219i fratele lui, Tristan, au f\u0103cut pu\u0219c\u0103rie \u00een Rom\u00e2nia pentru trafic de persoane \u0219i viol. Iar \u00een Marea Britanie au dosar penal pentru aceela\u0219i acuza\u021bii.\u00a0<\/p>","protected":false},"excerpt":{"rendered":"<p>Fosta iubit\u0103 a lui Andrew Tate, un top-model din Statele Unite, a apelat la poli\u021bie&hellip;<\/p>\n","protected":false},"author":0,"featured_media":43677,"comment_status":"open","ping_status":"open","sticky":false,"template":"","format":"standard","meta":{"footnotes":""},"categories":[2],"tags":[],"class_list":["post-43676","post","type-post","status-publish","format-standard","has-post-thumbnail","hentry","category-actual"],"_links":{"self":[{"href":"https:\/\/247stiri.ro\/index.php\/wp-json\/wp\/v2\/posts\/43676","targetHints":{"allow":["GET"]}}],"collection":[{"href":"https:\/\/247stiri.ro\/index.php\/wp-json\/wp\/v2\/posts"}],"about":[{"href":"https:\/\/247stiri.ro\/index.php\/wp-json\/wp\/v2\/types\/post"}],"replies":[{"embeddable":true,"href":"https:\/\/247stiri.ro\/index.php\/wp-json\/wp\/v2\/comments?post=43676"}],"version-history":[{"count":0,"href":"https:\/\/247stiri.ro\/index.php\/wp-json\/wp\/v2\/posts\/43676\/revisions"}],"wp:featuredmedia":[{"embeddable":true,"href":"https:\/\/247stiri.ro\/index.php\/wp-json\/wp\/v2\/media\/43677"}],"wp:attachment":[{"href":"https:\/\/247stiri.ro\/index.php\/wp-json\/wp\/v2\/media?parent=43676"}],"wp:term":[{"taxonomy":"category","embeddable":true,"href":"https:\/\/247stiri.ro\/index.php\/wp-json\/wp\/v2\/categories?post=43676"},{"taxonomy":"post_tag","embeddable":true,"href":"https:\/\/247stiri.ro\/index.php\/wp-json\/wp\/v2\/tags?post=43676"}],"curies":[{"name":"wp","href":"https:\/\/api.w.org\/{rel}","templated":true}]}}