{"id":43678,"date":"2025-03-30T08:45:33","date_gmt":"2025-03-30T08:45:33","guid":{"rendered":"https:\/\/247stiri.ro\/index.php\/2025\/03\/30\/zelenski-vrea-ca-romania-sa-monitorizeze-incetarea-focului-de-la-marea-neagra-fara-monitorizare-nu-se-poate-nimic\/"},"modified":"2025-03-30T08:45:33","modified_gmt":"2025-03-30T08:45:33","slug":"zelenski-vrea-ca-romania-sa-monitorizeze-incetarea-focului-de-la-marea-neagra-fara-monitorizare-nu-se-poate-nimic","status":"publish","type":"post","link":"https:\/\/247stiri.ro\/index.php\/2025\/03\/30\/zelenski-vrea-ca-romania-sa-monitorizeze-incetarea-focului-de-la-marea-neagra-fara-monitorizare-nu-se-poate-nimic\/","title":{"rendered":"Zelenski vrea ca Rom\u00e2nia s\u0103 monitorizeze \u00eencetarea focului de la Marea Neagr\u0103: F\u0103r\u0103 monitorizare nu se poate nimic"},"content":{"rendered":"<p>\u00cencetarea focului de la Marea Neagr\u0103, asupra c\u0103reia Ucraian \u0219i Rusia au convenit \u00een urma negocierilor cu SUA, ar putea fi monitorizat\u0103 de \u021b\u0103rile care se afl\u0103 la Marea Neagr\u0103, iar aici vorbim inclusiv despre Rom\u00e2nia \u0219i despre Bulgaria.<\/p>\n<p>Pre\u0219edintele ucrainean Volodimir Zelenski a declarat c\u0103 acest regim de \u00eencetare a focului trebuie s\u0103 fie monitorizat pentru a fi respectat. &#8222;F\u0103r\u0103 monitorizare nu este nimic de spus&#8221;, a transmis Zelenski.\u00a0<\/p>\n<p>Pe de alt\u0103 parte, oficialul a mai transmis, de asemenea, c\u0103 aceast\u0103 problem\u0103 \u00een leg\u0103tur\u0103 cu cine se vace responsabil pentru monitorizare a fost abordat\u0103 \u0219i \u00een Arabia Saudit\u0103 \u0219i a dat ca exemplu Turcia ca fiind statul care ar putea s\u0103 se ocupe de acest lucru.\u00a0<\/p>\n<p>\u00cen paralel, reamintim c\u0103 \u0219i pre\u0219edintele Ilie Bolojan a declarat \u00een urma Summit-ului de la Paris c\u0103 Rom\u00e2nia nu va trimite niciun militar rom\u00e2n \u00een Ucraina, \u00eens\u0103 c\u0103 \u021bara noastr\u0103 va participa la grupul de ajutor pentru monitorizarea respect\u0103rii acordului de \u00eencetare a focului de la Marea Neagr\u0103, o zon\u0103 care este strategic\u0103 pentru statul rom\u00e2n.\u00a0<\/p>","protected":false},"excerpt":{"rendered":"<p>\u00cencetarea focului de la Marea Neagr\u0103, asupra c\u0103reia Ucraian \u0219i Rusia au convenit \u00een urma&hellip;<\/p>\n","protected":false},"author":0,"featured_media":43679,"comment_status":"open","ping_status":"open","sticky":false,"template":"","format":"standard","meta":{"footnotes":""},"categories":[4],"tags":[],"class_list":["post-43678","post","type-post","status-publish","format-standard","has-post-thumbnail","hentry","category-extern"],"_links":{"self":[{"href":"https:\/\/247stiri.ro\/index.php\/wp-json\/wp\/v2\/posts\/43678","targetHints":{"allow":["GET"]}}],"collection":[{"href":"https:\/\/247stiri.ro\/index.php\/wp-json\/wp\/v2\/posts"}],"about":[{"href":"https:\/\/247stiri.ro\/index.php\/wp-json\/wp\/v2\/types\/post"}],"replies":[{"embeddable":true,"href":"https:\/\/247stiri.ro\/index.php\/wp-json\/wp\/v2\/comments?post=43678"}],"version-history":[{"count":0,"href":"https:\/\/247stiri.ro\/index.php\/wp-json\/wp\/v2\/posts\/43678\/revisions"}],"wp:featuredmedia":[{"embeddable":true,"href":"https:\/\/247stiri.ro\/index.php\/wp-json\/wp\/v2\/media\/43679"}],"wp:attachment":[{"href":"https:\/\/247stiri.ro\/index.php\/wp-json\/wp\/v2\/media?parent=43678"}],"wp:term":[{"taxonomy":"category","embeddable":true,"href":"https:\/\/247stiri.ro\/index.php\/wp-json\/wp\/v2\/categories?post=43678"},{"taxonomy":"post_tag","embeddable":true,"href":"https:\/\/247stiri.ro\/index.php\/wp-json\/wp\/v2\/tags?post=43678"}],"curies":[{"name":"wp","href":"https:\/\/api.w.org\/{rel}","templated":true}]}}