{"id":43684,"date":"2025-03-30T08:45:36","date_gmt":"2025-03-30T08:45:36","guid":{"rendered":"https:\/\/247stiri.ro\/index.php\/2025\/03\/30\/noi-scumpiri-la-energia-electrica-de-la-1-iulie-cu-cat-se-maresc-preturile\/"},"modified":"2025-03-30T08:45:36","modified_gmt":"2025-03-30T08:45:36","slug":"noi-scumpiri-la-energia-electrica-de-la-1-iulie-cu-cat-se-maresc-preturile","status":"publish","type":"post","link":"https:\/\/247stiri.ro\/index.php\/2025\/03\/30\/noi-scumpiri-la-energia-electrica-de-la-1-iulie-cu-cat-se-maresc-preturile\/","title":{"rendered":"Noi SCUMPIRI la energia electric\u0103, de la 1 iulie. Cu c\u00e2t se m\u0103resc pre\u021burile"},"content":{"rendered":"<p>Ve\u0219ti proaste pentru rom\u00e2ni. Cresc pre\u021burile la energie de la 1 iulie! Unul dintre principalii furnizori de energie a informat deja clien\u021bii despre noile tarife care vor intra \u00een vigoare dup\u0103 expirarea m\u0103surii de plafonare a pre\u021burilor.<\/p>\n<p>Noile contracte vor fi aplicate p\u00e2n\u0103 la finalul lunii mai, iar oferta include pre\u021bul energiei consumate, c\u00e2t \u0219i tarifele suplimentare, accizele, TVA-ul \u0219i taxele de transport \u0219i distribu\u021bie. \u00cen prezent, pre\u021bul energiei electrice este plafonat iar tarifele din factur\u0103 variaz\u0103 \u00een func\u021bie de consum.<\/p>\n<p>Spre exemplu, clien\u021bii care folosesc p\u00e2n\u0103 la 100 kilova\u021bi pl\u0103tesc 0,68 lei per kilovat, \u00een timp ce cei cu un consum \u00eentre 100,01 \u0219i 255 kilovati achit\u0103 0,8 lei per kilovat. Schimbarea va avea un impact semnificativ asupra facturilor consumatorilor. Un abonat care consum\u0103 100 de kilova\u021bi pe lun\u0103 va pl\u0103ti 167,9 lei, fa\u021b\u0103 de 80,9 lei \u00een prezent.<\/p>\n<p>\u00cen acela\u0219i timp, ministrul Energiei a explicat c\u0103 pre\u021bul plafonat la energie este valabil p\u00e2n\u0103 la 1 iulie.<\/p>\n<p>\u201eP\u00e2n\u0103 la 1 iulie se pot \u00eent\u00e2mpla multe, nu \u0219tiu, se rezolv\u0103 conflictul din Ucraina \u0219i ar putea s\u0103 redevin\u0103 exportator c\u0103tre regiunea noastr\u0103\u201d, a declarat Sebastian Burduja.<\/p>\n<p>Astfel, Rom\u00e2nia se aga\u021b\u0103, din nou, de speran\u021ba \u0219i de ac\u021biunile altor state, \u00een timp ce sute de rom\u00e2ni abia \u00ee\u0219i mai duc traiul zilnic din cauza pre\u021burilor ridicate.\u00a0<\/p>","protected":false},"excerpt":{"rendered":"<p>Ve\u0219ti proaste pentru rom\u00e2ni. Cresc pre\u021burile la energie de la 1 iulie! Unul dintre principalii&hellip;<\/p>\n","protected":false},"author":0,"featured_media":43685,"comment_status":"open","ping_status":"open","sticky":false,"template":"","format":"standard","meta":{"footnotes":""},"categories":[2],"tags":[],"class_list":["post-43684","post","type-post","status-publish","format-standard","has-post-thumbnail","hentry","category-actual"],"_links":{"self":[{"href":"https:\/\/247stiri.ro\/index.php\/wp-json\/wp\/v2\/posts\/43684","targetHints":{"allow":["GET"]}}],"collection":[{"href":"https:\/\/247stiri.ro\/index.php\/wp-json\/wp\/v2\/posts"}],"about":[{"href":"https:\/\/247stiri.ro\/index.php\/wp-json\/wp\/v2\/types\/post"}],"replies":[{"embeddable":true,"href":"https:\/\/247stiri.ro\/index.php\/wp-json\/wp\/v2\/comments?post=43684"}],"version-history":[{"count":0,"href":"https:\/\/247stiri.ro\/index.php\/wp-json\/wp\/v2\/posts\/43684\/revisions"}],"wp:featuredmedia":[{"embeddable":true,"href":"https:\/\/247stiri.ro\/index.php\/wp-json\/wp\/v2\/media\/43685"}],"wp:attachment":[{"href":"https:\/\/247stiri.ro\/index.php\/wp-json\/wp\/v2\/media?parent=43684"}],"wp:term":[{"taxonomy":"category","embeddable":true,"href":"https:\/\/247stiri.ro\/index.php\/wp-json\/wp\/v2\/categories?post=43684"},{"taxonomy":"post_tag","embeddable":true,"href":"https:\/\/247stiri.ro\/index.php\/wp-json\/wp\/v2\/tags?post=43684"}],"curies":[{"name":"wp","href":"https:\/\/api.w.org\/{rel}","templated":true}]}}