{"id":43704,"date":"2025-03-30T10:44:55","date_gmt":"2025-03-30T10:44:55","guid":{"rendered":"https:\/\/247stiri.ro\/index.php\/2025\/03\/30\/11-cetateni-iranieni-si-irakieni-desoperiti-intr-un-automarfar-inmatriculat-in-turcia\/"},"modified":"2025-03-30T10:44:55","modified_gmt":"2025-03-30T10:44:55","slug":"11-cetateni-iranieni-si-irakieni-desoperiti-intr-un-automarfar-inmatriculat-in-turcia","status":"publish","type":"post","link":"https:\/\/247stiri.ro\/index.php\/2025\/03\/30\/11-cetateni-iranieni-si-irakieni-desoperiti-intr-un-automarfar-inmatriculat-in-turcia\/","title":{"rendered":"11 cet\u0103\u0163eni iranieni \u015fi irakieni, desoperi\u0163i \u00eentr-un automarfar \u00eenmatriculat \u00een Turcia"},"content":{"rendered":"<p>\u201d\u00cen data de 29.03.2025, \u00een jurul orei 10.00, poli\u0163i\u015ftii de frontier\u0103 din cadrul Sectorului Poli\u0163iei de Frontier\u0103 Calafat, \u00een cooperare cu lucr\u0103tori din cadrul Direc\u0163iei Regionale Vamale Craiova &#8211; Serviciul Echipe Mobile Calafat, \u00een cadrul unei ac\u0163iuni specifice, au depistat \u00eentr-o parcare de autocamioane de pe DN 56, un automarfar \u00eenmatriculat \u00een Turcia, \u00eenc\u0103rcat cu role metalice,\u00a0 \u00een interiorul c\u0103ruia se aflau unsprezece persoane f\u0103r\u0103 documente de identitate. \u00cen urma cercet\u0103rilor, s-a constatat c\u0103 nou\u0103 dintre acestea sunt cet\u0103\u0163eni iranieni, cu v\u00e2rste cuprinse \u00eentre 18 \u015fi 34 de ani, iar dou\u0103 sunt cet\u0103\u0163eni irakieni, \u00een v\u00e2rst\u0103 de 28, respectiv 14 ani\u201d, anun\u0163\u0103 Poli\u0163ia de Frontier\u0103.<\/p>\n<p>Totodat\u0103, \u00een parcare se mai aflau alte dou\u0103 automarfare \u00eenmatriculate \u00een Turcia, iar \u00een interiorul unuia dintre ele au fost g\u0103site bagajele celor unsprezece cet\u0103\u0163eni str\u0103ini. Ace\u015ftia au relatat c\u0103, \u00eentr-o parcare din apropierea Sofiei, cei trei \u015foferi turci i-au ajutat s\u0103 intre \u00een remorca automarfarului, f\u0103r\u0103 a rupe sigiliul vamal.<\/p>\n<p>Av\u00e2nd \u00een vedere cele constatate, \u00een baza Acordului de Readmisie, camioanele, \u015foferii celor trei mijloace de transport \u015fi cet\u0103\u0163enii str\u0103ini au fost prelua\u0163i de autorit\u0103\u0163ile de frontier\u0103 bulgare pentru continuarea cercet\u0103rilor \u015fi aplicarea m\u0103surilor legale.<\/p>\n<p>\u00a0<\/p>","protected":false},"excerpt":{"rendered":"<p>\u201d\u00cen data de 29.03.2025, \u00een jurul orei 10.00, poli\u0163i\u015ftii de frontier\u0103 din cadrul Sectorului Poli\u0163iei&hellip;<\/p>\n","protected":false},"author":0,"featured_media":43705,"comment_status":"open","ping_status":"open","sticky":false,"template":"","format":"standard","meta":{"footnotes":""},"categories":[2],"tags":[],"class_list":["post-43704","post","type-post","status-publish","format-standard","has-post-thumbnail","hentry","category-actual"],"_links":{"self":[{"href":"https:\/\/247stiri.ro\/index.php\/wp-json\/wp\/v2\/posts\/43704","targetHints":{"allow":["GET"]}}],"collection":[{"href":"https:\/\/247stiri.ro\/index.php\/wp-json\/wp\/v2\/posts"}],"about":[{"href":"https:\/\/247stiri.ro\/index.php\/wp-json\/wp\/v2\/types\/post"}],"replies":[{"embeddable":true,"href":"https:\/\/247stiri.ro\/index.php\/wp-json\/wp\/v2\/comments?post=43704"}],"version-history":[{"count":0,"href":"https:\/\/247stiri.ro\/index.php\/wp-json\/wp\/v2\/posts\/43704\/revisions"}],"wp:featuredmedia":[{"embeddable":true,"href":"https:\/\/247stiri.ro\/index.php\/wp-json\/wp\/v2\/media\/43705"}],"wp:attachment":[{"href":"https:\/\/247stiri.ro\/index.php\/wp-json\/wp\/v2\/media?parent=43704"}],"wp:term":[{"taxonomy":"category","embeddable":true,"href":"https:\/\/247stiri.ro\/index.php\/wp-json\/wp\/v2\/categories?post=43704"},{"taxonomy":"post_tag","embeddable":true,"href":"https:\/\/247stiri.ro\/index.php\/wp-json\/wp\/v2\/tags?post=43704"}],"curies":[{"name":"wp","href":"https:\/\/api.w.org\/{rel}","templated":true}]}}