{"id":43857,"date":"2025-03-31T06:44:51","date_gmt":"2025-03-31T06:44:51","guid":{"rendered":"https:\/\/247stiri.ro\/index.php\/2025\/03\/31\/carambol-cu-peste-30-de-masini-pe-autostrada-interventie-in-desfasurare-in-aceste-momente\/"},"modified":"2025-03-31T06:44:51","modified_gmt":"2025-03-31T06:44:51","slug":"carambol-cu-peste-30-de-masini-pe-autostrada-interventie-in-desfasurare-in-aceste-momente","status":"publish","type":"post","link":"https:\/\/247stiri.ro\/index.php\/2025\/03\/31\/carambol-cu-peste-30-de-masini-pe-autostrada-interventie-in-desfasurare-in-aceste-momente\/","title":{"rendered":"Carambol cu peste 30 de ma\u0219ini pe autostrad\u0103! Interven\u021bie \u00een desf\u0103\u0219urare \u00een aceste momente"},"content":{"rendered":"<p>Mobilizare rapid\u0103 a echipajelor de interven\u021bie<\/p>\n<p>\u00cen urma apelurilor de urgen\u021b\u0103, la fa\u021ba locului au fost direc\u021bionate echipaje medicale de prim ajutor, precum \u0219i poli\u021bi\u0219ti rutieri, care investigheaz\u0103 circumstan\u021bele exacte ale accidentului.<\/p>\n<p>\u00a0Din primele informa\u021bii, cauza principal\u0103 ar putea fi vizibilitatea redus\u0103 \u0219i condi\u021biile meteo nefavorabile, \u00eens\u0103 o concluzie oficial\u0103 va fi anun\u021bat\u0103 dup\u0103 finalizarea cercet\u0103rilor.<\/p>\n<p>Din cauza num\u0103rului mare de ma\u0219ini avariate, traficul pe Autostrada A0 a fost grav afectat, circula\u021bia desf\u0103\u0219ur\u00e2ndu-se cu dificultate. Autorit\u0103\u021bile recomand\u0103 rute alternative \u0219i \u00eendeamn\u0103 \u0219oferii s\u0103 manifeste pruden\u021b\u0103 sporit\u0103.<\/p>\n<p>Interven\u021bia echipelor de salvare este \u00een plin\u0103 desf\u0103\u0219urare, iar actualiz\u0103ri despre starea victimelor \u0219i evolu\u021bia situa\u021biei vor fi furnizate pe m\u0103sur\u0103 ce noi informa\u021bii devin disponibile.<\/p>\n<p>\u00a0<\/p>","protected":false},"excerpt":{"rendered":"<p>Mobilizare rapid\u0103 a echipajelor de interven\u021bie \u00cen urma apelurilor de urgen\u021b\u0103, la fa\u021ba locului au&hellip;<\/p>\n","protected":false},"author":0,"featured_media":43858,"comment_status":"open","ping_status":"open","sticky":false,"template":"","format":"standard","meta":{"footnotes":""},"categories":[2],"tags":[],"class_list":["post-43857","post","type-post","status-publish","format-standard","has-post-thumbnail","hentry","category-actual"],"_links":{"self":[{"href":"https:\/\/247stiri.ro\/index.php\/wp-json\/wp\/v2\/posts\/43857","targetHints":{"allow":["GET"]}}],"collection":[{"href":"https:\/\/247stiri.ro\/index.php\/wp-json\/wp\/v2\/posts"}],"about":[{"href":"https:\/\/247stiri.ro\/index.php\/wp-json\/wp\/v2\/types\/post"}],"replies":[{"embeddable":true,"href":"https:\/\/247stiri.ro\/index.php\/wp-json\/wp\/v2\/comments?post=43857"}],"version-history":[{"count":0,"href":"https:\/\/247stiri.ro\/index.php\/wp-json\/wp\/v2\/posts\/43857\/revisions"}],"wp:featuredmedia":[{"embeddable":true,"href":"https:\/\/247stiri.ro\/index.php\/wp-json\/wp\/v2\/media\/43858"}],"wp:attachment":[{"href":"https:\/\/247stiri.ro\/index.php\/wp-json\/wp\/v2\/media?parent=43857"}],"wp:term":[{"taxonomy":"category","embeddable":true,"href":"https:\/\/247stiri.ro\/index.php\/wp-json\/wp\/v2\/categories?post=43857"},{"taxonomy":"post_tag","embeddable":true,"href":"https:\/\/247stiri.ro\/index.php\/wp-json\/wp\/v2\/tags?post=43857"}],"curies":[{"name":"wp","href":"https:\/\/api.w.org\/{rel}","templated":true}]}}