{"id":43863,"date":"2025-03-31T06:44:54","date_gmt":"2025-03-31T06:44:54","guid":{"rendered":"https:\/\/247stiri.ro\/index.php\/2025\/03\/31\/barbatul-atacat-de-urs-in-predeal-este-seful-salvamont-din-statiunea-montana-noi-informatii-despre-teribilul-incident\/"},"modified":"2025-03-31T06:44:54","modified_gmt":"2025-03-31T06:44:54","slug":"barbatul-atacat-de-urs-in-predeal-este-seful-salvamont-din-statiunea-montana-noi-informatii-despre-teribilul-incident","status":"publish","type":"post","link":"https:\/\/247stiri.ro\/index.php\/2025\/03\/31\/barbatul-atacat-de-urs-in-predeal-este-seful-salvamont-din-statiunea-montana-noi-informatii-despre-teribilul-incident\/","title":{"rendered":"B\u0103rbatul atacat de urs \u00een Predeal este \u0219eful Salvamont din sta\u021biunea montan\u0103. Noi informa\u021bii despre teribilul incident"},"content":{"rendered":"<p>\u201eConfirm\u0103m faptul c\u0103 persoana atacat\u0103 de urs este un membru al echipei noastre, din cadrul Serviciului Public Jude\u0163ean Salvamont \u2013 Salvaspeo Bra\u015fov, forma\u0163ia Salvamont Predeal. Evenimentul s-a produs \u00een afara programului de lucru, \u00een timp ce colegul nostru se deplasa spre domiciliu. \u00cen aceste momente delicate, la solicitarea familiei, adres\u0103m rug\u0103mintea ca publicul \u015fi reprezentan\u0163ii mass-media s\u0103 manifeste respect pentru via\u0163a privat\u0103. G\u00e2ndurile \u015fi sprijinul nostru se \u00eendreapt\u0103 c\u0103tre colegul nostru, al\u0103turi de speran\u0163a sincer\u0103 \u00eentr-o recuperare c\u00e2t mai rapid\u0103 \u015fi complet\u0103\u201d, este mesajul transmis de oficialii Salvamont Bra\u015fov.<\/p>\n<p>ictima este chiar \u015feful Salvamont Predeal, sus\u021bin surse locale,\u00a0citate de News.ro.\u00a0<\/p>\n<p>Incidentul a avut loc duminic\u0103 sear\u0103, pe strada Tudor Vladimirescu dinPredeal. B\u0103rbatul atacat de urs a fost g\u0103sit incon\u015ftient, cu un traumatism cranio cerebral sever \u015fi un traumatism toraco-abdominal.<\/p>","protected":false},"excerpt":{"rendered":"<p>\u201eConfirm\u0103m faptul c\u0103 persoana atacat\u0103 de urs este un membru al echipei noastre, din cadrul&hellip;<\/p>\n","protected":false},"author":0,"featured_media":43864,"comment_status":"open","ping_status":"open","sticky":false,"template":"","format":"standard","meta":{"footnotes":""},"categories":[2],"tags":[],"class_list":["post-43863","post","type-post","status-publish","format-standard","has-post-thumbnail","hentry","category-actual"],"_links":{"self":[{"href":"https:\/\/247stiri.ro\/index.php\/wp-json\/wp\/v2\/posts\/43863","targetHints":{"allow":["GET"]}}],"collection":[{"href":"https:\/\/247stiri.ro\/index.php\/wp-json\/wp\/v2\/posts"}],"about":[{"href":"https:\/\/247stiri.ro\/index.php\/wp-json\/wp\/v2\/types\/post"}],"replies":[{"embeddable":true,"href":"https:\/\/247stiri.ro\/index.php\/wp-json\/wp\/v2\/comments?post=43863"}],"version-history":[{"count":0,"href":"https:\/\/247stiri.ro\/index.php\/wp-json\/wp\/v2\/posts\/43863\/revisions"}],"wp:featuredmedia":[{"embeddable":true,"href":"https:\/\/247stiri.ro\/index.php\/wp-json\/wp\/v2\/media\/43864"}],"wp:attachment":[{"href":"https:\/\/247stiri.ro\/index.php\/wp-json\/wp\/v2\/media?parent=43863"}],"wp:term":[{"taxonomy":"category","embeddable":true,"href":"https:\/\/247stiri.ro\/index.php\/wp-json\/wp\/v2\/categories?post=43863"},{"taxonomy":"post_tag","embeddable":true,"href":"https:\/\/247stiri.ro\/index.php\/wp-json\/wp\/v2\/tags?post=43863"}],"curies":[{"name":"wp","href":"https:\/\/api.w.org\/{rel}","templated":true}]}}