{"id":43873,"date":"2025-03-31T07:44:48","date_gmt":"2025-03-31T07:44:48","guid":{"rendered":"https:\/\/247stiri.ro\/index.php\/2025\/03\/31\/romania-va-monitoriza-incetarea-focului-din-marea-neagra-decizia-liderilor-europeni\/"},"modified":"2025-03-31T07:44:48","modified_gmt":"2025-03-31T07:44:48","slug":"romania-va-monitoriza-incetarea-focului-din-marea-neagra-decizia-liderilor-europeni","status":"publish","type":"post","link":"https:\/\/247stiri.ro\/index.php\/2025\/03\/31\/romania-va-monitoriza-incetarea-focului-din-marea-neagra-decizia-liderilor-europeni\/","title":{"rendered":"Rom\u00e2nia va monitoriza \u00eencetarea focului din Marea Neagr\u0103. Decizia liderilor europeni"},"content":{"rendered":"<p>Rom\u00e2nia ar urm\u0103 s\u0103 participe la aceast\u0103 ac\u021biune cu\u00a0drone, radare, dar \u0219i cu poli\u021bia aerian\u0103. Practic, acestea sunt resursele pe care le vom trimite \u00een regiunea M\u0103rii Negre pentru a ajut\u0103 la monitorizarea acestui armisti\u021biu. Ar urm\u0103 s\u0103 participe \u0219i alte state din aceast\u0103 regiune. Spre exemplu, Bulgaria.Pre\u0219edintele\u00a0Volodimir\u00a0Zelenski\u00a0spunea chiar c\u0103 \u0219i statele din vest ar putea s\u0103 intervin\u0103 \u00een\u00a0aceast\u0103\u00a0zon\u0103 pentru a se asigura c\u0103 armisti\u021biul este respectat, \u00eens\u0103 a numit \u021b\u0103rile din aceast\u0103 regiune, printre care \u021bara noastr\u0103. Argumentul enun\u021bat de pre\u0219edintele ucrainean este c\u0103 ele deja cunosc aceast\u0103 zon\u0103 \u0219i au participat la opera\u021biunile de recuperare a minelor din Marea Neagr\u0103.Pe de alt\u0103 parte, pre\u0219edintele interimar\u00a0Ile\u00a0Bolojan\u00a0a anun\u021bat c\u0103 vom participa la aceast\u0103 opera\u021biune. De asemenea, trupele europene vor putea tranzita teritoriul \u021b\u0103rii noastre \u00een cazul \u00een care se va ajunge la un acord de pace \u0219i se va stabili s\u0103 fie trimise trupe de men\u021binere a p\u0103cii \u00een Ucraina.Bolojan\u00a0spunea \u00eens\u0103 c\u0103 Rom\u00e2nia nu va trimite astfel de trupe, deci militari rom\u00e2ni nu vor ajunge pe teritoriul ucrainean.Decizia\u00a0vine \u00een contextul \u00een care recent a trecut de Parlament acea lege care permite armatei rom\u00e2ne s\u0103 doboare\u00a0dronele\u00a0ruse\u0219ti care intr\u0103 pe teritoriul Rom\u00e2niei.<\/p>\n<p>\u00a0<\/p>\n<p>\u00a0<\/p>\n<p>\u00a0<\/p>\n<p>\u00a0<\/p>\n<p>\u00a0<\/p>","protected":false},"excerpt":{"rendered":"<p>Rom\u00e2nia ar urm\u0103 s\u0103 participe la aceast\u0103 ac\u021biune cu\u00a0drone, radare, dar \u0219i cu poli\u021bia aerian\u0103.&hellip;<\/p>\n","protected":false},"author":0,"featured_media":43874,"comment_status":"open","ping_status":"open","sticky":false,"template":"","format":"standard","meta":{"footnotes":""},"categories":[3],"tags":[],"class_list":["post-43873","post","type-post","status-publish","format-standard","has-post-thumbnail","hentry","category-politica"],"_links":{"self":[{"href":"https:\/\/247stiri.ro\/index.php\/wp-json\/wp\/v2\/posts\/43873","targetHints":{"allow":["GET"]}}],"collection":[{"href":"https:\/\/247stiri.ro\/index.php\/wp-json\/wp\/v2\/posts"}],"about":[{"href":"https:\/\/247stiri.ro\/index.php\/wp-json\/wp\/v2\/types\/post"}],"replies":[{"embeddable":true,"href":"https:\/\/247stiri.ro\/index.php\/wp-json\/wp\/v2\/comments?post=43873"}],"version-history":[{"count":0,"href":"https:\/\/247stiri.ro\/index.php\/wp-json\/wp\/v2\/posts\/43873\/revisions"}],"wp:featuredmedia":[{"embeddable":true,"href":"https:\/\/247stiri.ro\/index.php\/wp-json\/wp\/v2\/media\/43874"}],"wp:attachment":[{"href":"https:\/\/247stiri.ro\/index.php\/wp-json\/wp\/v2\/media?parent=43873"}],"wp:term":[{"taxonomy":"category","embeddable":true,"href":"https:\/\/247stiri.ro\/index.php\/wp-json\/wp\/v2\/categories?post=43873"},{"taxonomy":"post_tag","embeddable":true,"href":"https:\/\/247stiri.ro\/index.php\/wp-json\/wp\/v2\/tags?post=43873"}],"curies":[{"name":"wp","href":"https:\/\/api.w.org\/{rel}","templated":true}]}}