{"id":43875,"date":"2025-03-31T07:44:49","date_gmt":"2025-03-31T07:44:49","guid":{"rendered":"https:\/\/247stiri.ro\/index.php\/2025\/03\/31\/sondajul-care-l-pulverizeaza-pe-nicusor-dan-cifrele-dezastrului-peste-70-din-bucuresteni-sunt-nemultumiti-de-activitatea-primarului-general\/"},"modified":"2025-03-31T07:44:49","modified_gmt":"2025-03-31T07:44:49","slug":"sondajul-care-l-pulverizeaza-pe-nicusor-dan-cifrele-dezastrului-peste-70-din-bucuresteni-sunt-nemultumiti-de-activitatea-primarului-general","status":"publish","type":"post","link":"https:\/\/247stiri.ro\/index.php\/2025\/03\/31\/sondajul-care-l-pulverizeaza-pe-nicusor-dan-cifrele-dezastrului-peste-70-din-bucuresteni-sunt-nemultumiti-de-activitatea-primarului-general\/","title":{"rendered":"Sondajul care-l pulverizeaz\u0103 pe Nicu\u0219or Dan &#8211; cifrele dezastrului: peste 70% din bucure\u015fteni sunt nemultumi\u0163i de activitatea primarului general"},"content":{"rendered":"<p>La \u00eentrebarea \u201d\u00cen ce m\u0103sur\u0103 sunte\u021bi mul\u021bumit sau nemul\u021bumit de activitatea lui Nicu\u0219or Dan?\u201d, 45% dintre respoden\u021bi au spus \u201dfoarte nemul\u021bumit\u201d \u0219i al\u021bi 25% \u201ddestul de nemul\u021bumit\u201d.\u00a0<\/p>\n<p>Doar 7% dintre locuitorii Capitalei au spus c\u0103 sunt \u201dfoarte mul\u021bumi\u021bi\u201d \u0219i 15% s-a declarat \u201ddestul de mul\u021bumi\u021bi\u201d.<\/p>\n<p>Sondajul Sociopol a fost realizat \u00een perioada 24 \u2013 27 martie 2025, pe un e\u0219antion de 1,002 persoane.<\/p>\n<p>Metoda culegerii datelor: interviuri telefonice<\/p>\n<p>Marja de eroare este de +\/- 3.2%.<\/p>","protected":false},"excerpt":{"rendered":"<p>La \u00eentrebarea \u201d\u00cen ce m\u0103sur\u0103 sunte\u021bi mul\u021bumit sau nemul\u021bumit de activitatea lui Nicu\u0219or Dan?\u201d, 45%&hellip;<\/p>\n","protected":false},"author":0,"featured_media":43876,"comment_status":"open","ping_status":"open","sticky":false,"template":"","format":"standard","meta":{"footnotes":""},"categories":[3],"tags":[],"class_list":["post-43875","post","type-post","status-publish","format-standard","has-post-thumbnail","hentry","category-politica"],"_links":{"self":[{"href":"https:\/\/247stiri.ro\/index.php\/wp-json\/wp\/v2\/posts\/43875","targetHints":{"allow":["GET"]}}],"collection":[{"href":"https:\/\/247stiri.ro\/index.php\/wp-json\/wp\/v2\/posts"}],"about":[{"href":"https:\/\/247stiri.ro\/index.php\/wp-json\/wp\/v2\/types\/post"}],"replies":[{"embeddable":true,"href":"https:\/\/247stiri.ro\/index.php\/wp-json\/wp\/v2\/comments?post=43875"}],"version-history":[{"count":0,"href":"https:\/\/247stiri.ro\/index.php\/wp-json\/wp\/v2\/posts\/43875\/revisions"}],"wp:featuredmedia":[{"embeddable":true,"href":"https:\/\/247stiri.ro\/index.php\/wp-json\/wp\/v2\/media\/43876"}],"wp:attachment":[{"href":"https:\/\/247stiri.ro\/index.php\/wp-json\/wp\/v2\/media?parent=43875"}],"wp:term":[{"taxonomy":"category","embeddable":true,"href":"https:\/\/247stiri.ro\/index.php\/wp-json\/wp\/v2\/categories?post=43875"},{"taxonomy":"post_tag","embeddable":true,"href":"https:\/\/247stiri.ro\/index.php\/wp-json\/wp\/v2\/tags?post=43875"}],"curies":[{"name":"wp","href":"https:\/\/api.w.org\/{rel}","templated":true}]}}