{"id":43878,"date":"2025-03-31T07:44:50","date_gmt":"2025-03-31T07:44:50","guid":{"rendered":"https:\/\/247stiri.ro\/index.php\/2025\/03\/31\/si-a-ucis-fratele-pentru-o-datorie-de-500-de-lei-modul-infiorator-in-care-a-ales-sa-i-ia-viata-detalii-cu-puternic-impact-emotional\/"},"modified":"2025-03-31T07:44:50","modified_gmt":"2025-03-31T07:44:50","slug":"si-a-ucis-fratele-pentru-o-datorie-de-500-de-lei-modul-infiorator-in-care-a-ales-sa-i-ia-viata-detalii-cu-puternic-impact-emotional","status":"publish","type":"post","link":"https:\/\/247stiri.ro\/index.php\/2025\/03\/31\/si-a-ucis-fratele-pentru-o-datorie-de-500-de-lei-modul-infiorator-in-care-a-ales-sa-i-ia-viata-detalii-cu-puternic-impact-emotional\/","title":{"rendered":"\u0218i-a ucis fratele pentru o datorie de 500 de lei! Modul \u00eenfiorator \u00een care a ales s\u0103-i ia via\u021ba: detalii cu puternic impact emo\u021bional"},"content":{"rendered":"<p>Cel care a dat alarma a fost chiar agresorul. Acesta era beat la momentul comiterii faptelor iar gestul cumplit a fost comis pentru pentru o datorie de 100 de euro. Victima avea patru copii, iar so\u021bia era gravid\u0103.\u00a0<\/p>\n<p>Potrivit sursei citate, pe 29 martie, procurorul din cadrul Parchetului de pe l\u00e2ng\u0103 Tribunalul Br\u0103ila a re\u0163inut pe baza de ordonan\u0163\u0103, pentru 24 de ore, un b\u0103rbat de 45 de ani, din comuna Ciocile, pentru comiterea infrac\u0163iunii de omor \u00een modalitatea violen\u0163ei \u00een familie.<\/p>\n<p>B\u0103rbatul de 45 de ani, aflat sub influen\u021ba b\u0103uturilor alcoolice, l-a \u00eenjunghiat cu un briceag \u00een zona inimii pe fratele s\u0103u, de 40 de ani. Cei doi s-au certat din cauza unei datorii pe care victima nu i-ar fi achitat-o.<\/p>\n<p>\u201e\u00cen urma probatoriului administrat \u015fi a activit\u0103\u0163ilor efectuate de poli\u0163i\u015ftii din cadrul Serviciului de Investiga\u0163ii Criminale, \u00een baza deleg\u0103rii procurorului de caz din cadrul Parchetului de pe l\u00e2ng\u0103 Tribunalul Br\u0103ila, a reie\u015fit faptul c\u0103, la data de 28 martie a.c., \u00een intervalul orar 21:00-22:00, b\u0103rbatul de 45 de ani, aflat sub influen\u0163a b\u0103uturilor alcoolice, i-ar fi aplicat o lovitur\u0103 mortal\u0103 cu un briceag \u00een zona inimii fratelui s\u0103u, \u00een v\u00e2rst\u0103 de 40 de ani, \u00een urma unei discu\u0163ii \u00een contradictoriu din cauza unei datorii pe care victima nu i-ar fi achitat-o&#8221;, a transmis IPJ Br\u0103ila.<\/p>\n<p>Duminic\u0103, Tribunalul Br\u0103ila a dispus arestarea preventiv\u0103 pentru 30 de zile a b\u0103rbatului \u00een cauz\u0103, conform stiripesurse.ro.<\/p>","protected":false},"excerpt":{"rendered":"<p>Cel care a dat alarma a fost chiar agresorul. Acesta era beat la momentul comiterii&hellip;<\/p>\n","protected":false},"author":0,"featured_media":43879,"comment_status":"open","ping_status":"open","sticky":false,"template":"","format":"standard","meta":{"footnotes":""},"categories":[2],"tags":[],"class_list":["post-43878","post","type-post","status-publish","format-standard","has-post-thumbnail","hentry","category-actual"],"_links":{"self":[{"href":"https:\/\/247stiri.ro\/index.php\/wp-json\/wp\/v2\/posts\/43878","targetHints":{"allow":["GET"]}}],"collection":[{"href":"https:\/\/247stiri.ro\/index.php\/wp-json\/wp\/v2\/posts"}],"about":[{"href":"https:\/\/247stiri.ro\/index.php\/wp-json\/wp\/v2\/types\/post"}],"replies":[{"embeddable":true,"href":"https:\/\/247stiri.ro\/index.php\/wp-json\/wp\/v2\/comments?post=43878"}],"version-history":[{"count":0,"href":"https:\/\/247stiri.ro\/index.php\/wp-json\/wp\/v2\/posts\/43878\/revisions"}],"wp:featuredmedia":[{"embeddable":true,"href":"https:\/\/247stiri.ro\/index.php\/wp-json\/wp\/v2\/media\/43879"}],"wp:attachment":[{"href":"https:\/\/247stiri.ro\/index.php\/wp-json\/wp\/v2\/media?parent=43878"}],"wp:term":[{"taxonomy":"category","embeddable":true,"href":"https:\/\/247stiri.ro\/index.php\/wp-json\/wp\/v2\/categories?post=43878"},{"taxonomy":"post_tag","embeddable":true,"href":"https:\/\/247stiri.ro\/index.php\/wp-json\/wp\/v2\/tags?post=43878"}],"curies":[{"name":"wp","href":"https:\/\/api.w.org\/{rel}","templated":true}]}}