{"id":43903,"date":"2025-03-31T09:44:59","date_gmt":"2025-03-31T09:44:59","guid":{"rendered":"https:\/\/247stiri.ro\/index.php\/2025\/03\/31\/liviu-dragnea-il-face-praf-pe-victor-ponta-un-fricos-care-minte-si-nu-si-tine-cuvantul\/"},"modified":"2025-03-31T09:44:59","modified_gmt":"2025-03-31T09:44:59","slug":"liviu-dragnea-il-face-praf-pe-victor-ponta-un-fricos-care-minte-si-nu-si-tine-cuvantul","status":"publish","type":"post","link":"https:\/\/247stiri.ro\/index.php\/2025\/03\/31\/liviu-dragnea-il-face-praf-pe-victor-ponta-un-fricos-care-minte-si-nu-si-tine-cuvantul\/","title":{"rendered":"Liviu Dragnea \u00eel face praf pe Victor Ponta: &#8222;Un fricos care minte \u0219i nu-\u0219i \u021bine cuv\u00e2ntul&#8221;"},"content":{"rendered":"<p>Dup\u0103 ce a \u00eencercat \u00eentr-o manier\u0103 c\u00e2t mai controversat\u0103 s\u0103-\u0219i asocieze imaginea cu pre\u0219edintele Statelor Unite ale Americii, iar mai apoi s-a c\u0103\u021b\u0103rat pe valul suveranist, acum Victor Ponta \u00ee\u0219i dore\u0219te un succes \u00een cursa pentru Palatul Cotroceni. Liviu Dragnea sus\u021bine \u00eens\u0103 c\u0103 nu este impresionat de faptul c\u0103 acesta \u0219i-a depus candidatura \u0219i vine cu replici acide la adresa lui.\u201eE fricos, foarte fricos. Dac\u0103-i amenin\u021bat cu vreun dosar sau ceva, e\u2026 Uit\u0103 tot ce a g\u00e2ndit, ce a promis, ce a spus c\u0103 face \u0219i nu-\u0219i \u021bine cuv\u00e2ntul, minte! Nu spun nout\u0103\u021bi, se \u0219tie de-a lungul anilor\u201d, a afirmat Dragnea \u00eentr-o emisiune TV.Pe de alt\u0103 parte, Liviu Dragnea crede c\u0103 niciun sus\u021bin\u0103tor de-ai lui C\u0103lin Georgescu, nu l-ar vota acum pe Victor Ponta, iar el nu exclude o colaborare cu George Simion.\u00a0<\/p>\n<p>\u201d(&#8230;)ce pot s\u0103 spun eu acum cu toat\u0103 convingerea: dac\u0103 Simion va c\u00e2\u0219tiga alegerile, eu o s\u0103-i pun la dispozi\u021bie un program de redresare a Rom\u00e2niei pentru urm\u0103torii cinci ani, care-i f\u0103cut. (\u2026) Nu cred c\u0103 cineva care l-a votat pe C\u0103lin Georgescu l-ar vota vreodat\u0103 pe Ponta. Ponta poate lua din electoratul PSD, mult mai pu\u021bin dec\u00e2t se a\u0219teapt\u0103 el \u0219i cei care-l sus\u021bin,\u201d a declarat fostul lider al PSD.\u00cen ciuda acuza\u021biilor dure lansate de fostul s\u0103u partener politic, Ponta nu ezit\u0103 s\u0103 se prezinte ca fiind un politician onest.\u201eCategoric, da. Toate acuza\u021biile care mi-au fost aduse&#8230; Judec\u0103torii m-au achitat, \u00een unanimitate. Nu vreau r\u0103zbun\u0103ri \u0219i vreun adversar politic s\u0103 fie persecutat cu dosare penale, a\u0219a cum am fost eu \u0219i familia mea,&#8221; a afirmat recent Victor Ponta\u00a0<\/p>","protected":false},"excerpt":{"rendered":"<p>Dup\u0103 ce a \u00eencercat \u00eentr-o manier\u0103 c\u00e2t mai controversat\u0103 s\u0103-\u0219i asocieze imaginea cu pre\u0219edintele Statelor&hellip;<\/p>\n","protected":false},"author":0,"featured_media":43899,"comment_status":"open","ping_status":"open","sticky":false,"template":"","format":"standard","meta":{"footnotes":""},"categories":[2],"tags":[],"class_list":["post-43903","post","type-post","status-publish","format-standard","has-post-thumbnail","hentry","category-actual"],"_links":{"self":[{"href":"https:\/\/247stiri.ro\/index.php\/wp-json\/wp\/v2\/posts\/43903","targetHints":{"allow":["GET"]}}],"collection":[{"href":"https:\/\/247stiri.ro\/index.php\/wp-json\/wp\/v2\/posts"}],"about":[{"href":"https:\/\/247stiri.ro\/index.php\/wp-json\/wp\/v2\/types\/post"}],"replies":[{"embeddable":true,"href":"https:\/\/247stiri.ro\/index.php\/wp-json\/wp\/v2\/comments?post=43903"}],"version-history":[{"count":0,"href":"https:\/\/247stiri.ro\/index.php\/wp-json\/wp\/v2\/posts\/43903\/revisions"}],"wp:featuredmedia":[{"embeddable":true,"href":"https:\/\/247stiri.ro\/index.php\/wp-json\/wp\/v2\/media\/43899"}],"wp:attachment":[{"href":"https:\/\/247stiri.ro\/index.php\/wp-json\/wp\/v2\/media?parent=43903"}],"wp:term":[{"taxonomy":"category","embeddable":true,"href":"https:\/\/247stiri.ro\/index.php\/wp-json\/wp\/v2\/categories?post=43903"},{"taxonomy":"post_tag","embeddable":true,"href":"https:\/\/247stiri.ro\/index.php\/wp-json\/wp\/v2\/tags?post=43903"}],"curies":[{"name":"wp","href":"https:\/\/api.w.org\/{rel}","templated":true}]}}