{"id":43922,"date":"2025-03-31T10:44:53","date_gmt":"2025-03-31T10:44:53","guid":{"rendered":"https:\/\/247stiri.ro\/index.php\/2025\/03\/31\/basescu-arunca-bomba-relatia-romania-sua-afectata-de-anularea-alegerilor-prezidentiale-exista-riscul-ca-unele-state-sa-ezite-sa-recunoasca-rezultatul-alegerilor\/"},"modified":"2025-03-31T10:44:53","modified_gmt":"2025-03-31T10:44:53","slug":"basescu-arunca-bomba-relatia-romania-sua-afectata-de-anularea-alegerilor-prezidentiale-exista-riscul-ca-unele-state-sa-ezite-sa-recunoasca-rezultatul-alegerilor","status":"publish","type":"post","link":"https:\/\/247stiri.ro\/index.php\/2025\/03\/31\/basescu-arunca-bomba-relatia-romania-sua-afectata-de-anularea-alegerilor-prezidentiale-exista-riscul-ca-unele-state-sa-ezite-sa-recunoasca-rezultatul-alegerilor\/","title":{"rendered":"B\u0103sescu arunc\u0103 bomba: Rela\u021bia Rom\u00e2nia-SUA, afectat\u0103 de anularea alegerilor preziden\u021biale. Exist\u0103 riscul ca unele state s\u0103 ezite s\u0103 recunoasc\u0103 rezultatul alegerilor"},"content":{"rendered":"<p>&#8222;Problema rela\u0163iei cu SUA nu este nici ambasadorul, nici ministrul de externe \u015fi nici lipsa unui \u00eemputernicit special pentru America.\u00a0Problema rela\u0163iei Rom\u00e2niei cu SUA este legat\u0103 de anularea alegerilor.\u00a0SUA nu au un favorit pentru aceste alegeri. Singura solicitare a Americii este \u201calegeri corecte\u201d \u015fi cu certitudine nu vor renun\u0163a la aceast\u0103 exigen\u0163\u0103&#8221;, a scris fostul pre\u0219edinte.\u00a0B\u0103sescu mai crede c\u0103 at\u00e2t declara\u021biile lui Marcel Ciolacu privind\u00a0renum\u0103rarea voturilor, c\u00e2nd \u0219i \u00eencercarea de a da toat\u0103 vina pe Iohannis nu mai las\u0103 dubii c\u0103 s-a aplicat un\u00a0 plan de rezerv\u0103, prin intermediul CCR.\u00a0\u201cPlanul B\u201d a fost destinat s\u0103 mute responsabilitatea anul\u0103rii nejustificate a alegerilor de la guvern c\u0103tre alte institu\u0163ii precum CCR, CSAT, servicii, Pre\u015fedinte. Dup\u0103 trei luni nu exist\u0103 nici o prob\u0103 concret\u0103 care s\u0103 justifice anularea alegerilor din noiembrie. Se pune astfel sub semnul \u00eentreb\u0103rii at\u00e2t anularea alegerilor (&#8230;) dar \u015fi legitimitatea organiz\u0103rii unui alt r\u00e2nd de alegeri.&#8221;\u00a0\u00cen aceste condi\u0163ii exist\u0103 riscul ca unele state s\u0103 ezite s\u0103 recunoasc\u0103 rezultatul alegerilor. Pentru a pre\u00eent\u00e2mpina acest risc, ar fi bine s\u0103 se ac\u0163ioneze de pe acum&#8221;, a mai opinat B\u0103sescu.\u00a0\u00a0\u00a0<\/p>","protected":false},"excerpt":{"rendered":"<p>&#8222;Problema rela\u0163iei cu SUA nu este nici ambasadorul, nici ministrul de externe \u015fi nici lipsa&hellip;<\/p>\n","protected":false},"author":0,"featured_media":43917,"comment_status":"open","ping_status":"open","sticky":false,"template":"","format":"standard","meta":{"footnotes":""},"categories":[2],"tags":[],"class_list":["post-43922","post","type-post","status-publish","format-standard","has-post-thumbnail","hentry","category-actual"],"_links":{"self":[{"href":"https:\/\/247stiri.ro\/index.php\/wp-json\/wp\/v2\/posts\/43922","targetHints":{"allow":["GET"]}}],"collection":[{"href":"https:\/\/247stiri.ro\/index.php\/wp-json\/wp\/v2\/posts"}],"about":[{"href":"https:\/\/247stiri.ro\/index.php\/wp-json\/wp\/v2\/types\/post"}],"replies":[{"embeddable":true,"href":"https:\/\/247stiri.ro\/index.php\/wp-json\/wp\/v2\/comments?post=43922"}],"version-history":[{"count":0,"href":"https:\/\/247stiri.ro\/index.php\/wp-json\/wp\/v2\/posts\/43922\/revisions"}],"wp:featuredmedia":[{"embeddable":true,"href":"https:\/\/247stiri.ro\/index.php\/wp-json\/wp\/v2\/media\/43917"}],"wp:attachment":[{"href":"https:\/\/247stiri.ro\/index.php\/wp-json\/wp\/v2\/media?parent=43922"}],"wp:term":[{"taxonomy":"category","embeddable":true,"href":"https:\/\/247stiri.ro\/index.php\/wp-json\/wp\/v2\/categories?post=43922"},{"taxonomy":"post_tag","embeddable":true,"href":"https:\/\/247stiri.ro\/index.php\/wp-json\/wp\/v2\/tags?post=43922"}],"curies":[{"name":"wp","href":"https:\/\/api.w.org\/{rel}","templated":true}]}}