{"id":43923,"date":"2025-03-31T10:44:53","date_gmt":"2025-03-31T10:44:53","guid":{"rendered":"https:\/\/247stiri.ro\/index.php\/2025\/03\/31\/ministrul-mediului-mesaj-dupa-atacul-ursului-din-predeal-asupra-sefului-salvamont-sa-impuscam-si-acei-ursi-in-creierii-muntilor-acei-ursi-care-poate-nu-s-au-intalnit-cu-omul-niciodata-in-v\/"},"modified":"2025-03-31T10:44:53","modified_gmt":"2025-03-31T10:44:53","slug":"ministrul-mediului-mesaj-dupa-atacul-ursului-din-predeal-asupra-sefului-salvamont-sa-impuscam-si-acei-ursi-in-creierii-muntilor-acei-ursi-care-poate-nu-s-au-intalnit-cu-omul-niciodata-in-v","status":"publish","type":"post","link":"https:\/\/247stiri.ro\/index.php\/2025\/03\/31\/ministrul-mediului-mesaj-dupa-atacul-ursului-din-predeal-asupra-sefului-salvamont-sa-impuscam-si-acei-ursi-in-creierii-muntilor-acei-ursi-care-poate-nu-s-au-intalnit-cu-omul-niciodata-in-v\/","title":{"rendered":"Ministrul Mediului, mesaj dup\u0103 atacul ursului din Predeal asupra \u0219efului Salvamont: \u201eS\u0103 \u00eempu\u015fc\u0103m \u015fi acei ur\u015fi \u00een creierii mun\u0163ilor, acei ur\u015fi care poate nu s-au \u00eent\u00e2lnit cu omul niciodat\u0103 \u00een via\u0163a lor\u201d"},"content":{"rendered":"<p>Ce a transmis Ministrul Mediului?<\/p>\n<p>Potrivit oficialului, m\u0103surile de alungare \u0219i <a href=\"https:\/\/www.realitatea.net\/stiri\/actual\/ursii-au-iesit-din-hibernare-avertismentul-jandarmilor-pentru-localnicii-din-valcea-dar-si-pentru-turisti_67dc4fafd64d045655764312\" target=\"_blank\">relocare a ur\u0219ilor<\/a> nu au dat rezultatele a\u0219teptate, iar solu\u021bia pentru a proteja comunit\u0103\u021bile este interven\u021bia rapid\u0103 \u0219i eficient\u0103.<\/p>\n<p>\u00cen cadrul unei declara\u021bii recente, ministrul a argumentat c\u0103 de\u0219i au fost \u00eenregistrate 464 de sesiz\u0103ri \u00een 2024 privind ur\u0219ii \u00een localit\u0103\u021bi, doar 27 dintre acestea au dus la m\u0103sura \u00eempu\u0219c\u0103rii animalelor.<\/p>\n<p>\u201eAm c\u0103utat s\u0103 v\u0103d \u015fi eu ce s-a mai \u00eent\u00e2mplat \u00een cursul anului acesta, cel pu\u0163in \u00een Bra\u015fov, \u015fi am constatat c\u0103 pe 4 martie, deci tot luna aceasta, a mai fost alungat\u0103 o ursoaic\u0103 cu pui. Ori toate aceste instrumente pe care le aplic\u0103m uneori, alungare sau relocare, pare c\u0103 nu dau suficiente rezultate\u201d, a declarat ministrul Mediului, Apelor \u015fi P\u0103durilor, Mircea Fechet, \u00een cadrul unui post de \u0219tiri.<\/p>\n<p>\u00cen plus, Fechet a men\u021bionat c\u0103 urm\u0103torul pas \u00een gestionarea popula\u021biei de ur\u0219i ar trebui s\u0103 fie scoaterea acestora de pe lista speciilor strict protejate, similar cu ceea ce s-a \u00eent\u00e2mplat \u00een cazul lupilor. Potrivit ministrului, ur\u0219ii-problem\u0103, cum ar fi cei agresivi sau cei care caut\u0103 m\u00e2ncare \u00een zonele populate, trebuie s\u0103 fie v\u00e2na\u021bi prioritar, \u00een timp ce ur\u0219ii din zonele montane izolate ar trebui s\u0103 fie v\u00e2na\u021bi doar dac\u0103 r\u0103m\u00e2n exemplare suficiente.<\/p>\n<p>\u201eEu cred c\u0103 cifra poate fi revizuit\u0103, nu ne opunem a priori unui astfel de demers, \u00eens\u0103 este foarte important care sunt ur\u015fii ce vor fi \u00eempu\u015fca\u0163i. Pentru c\u0103 am spus \u00eenc\u0103 din prima zi de aplicare a acestei legi, pe care am \u015fi votat-o \u00een calitate de deputat, c\u0103 trebuie s\u0103 \u00eencepem cu ur\u015fii-problem\u0103, cu ur\u015fii agresivi, cu ur\u015fii gunoieri, cu ur\u015fii cer\u015fetori \u015fi abia la sf\u00e2r\u0219it, dac\u0103 mai r\u0103m\u00e2n exemplare suficiente, s\u0103 \u00eempu\u0219c\u0103m \u015fi acei ur\u015fi \u00een creierii mun\u0163ilor, acei ur\u015fi care poate nu s-au \u00eent\u00e2lnit cu omul niciodat\u0103 \u00een via\u0163a lor \u015fi nu aveau c\u00e2nd s\u0103 se mai \u00eent\u00e2lneasc\u0103. Opinia mea este aceea c\u0103 orice urs care pune \u00een pericol via\u0163a omului, orice urs care intr\u0103 \u00een localitate, indiferent dac\u0103 e femel\u0103 sau mascul, dac\u0103 e pui sau dac\u0103 e adult, dac\u0103 e mai mare sau mai mic sau indiferent de c\u00e2te puncte CIC are, pentru c\u0103 \u015fi aceasta este o metod\u0103 de a-i evalua, opinia mea este c\u0103 to\u0163i ace\u015fti ur\u015fi trebuie \u00eempu\u015fca\u0163i. Metoda reloc\u0103rii nu d\u0103 rezultate, metoda alung\u0103rii nu d\u0103 rezultate.\u201d, a declarat oficialul.<\/p>\n<p>\u00cen urma atacului grav asupra unui salvamontist din Predeal, Fechet a reitrat necesitatea m\u0103surilor urgente pentru a preveni astfel de incidente, men\u021bion\u00e2nd c\u0103 autorit\u0103\u021bile trebuie s\u0103 fie mai proactive \u00een <a href=\"https:\/\/www.realitatea.net\/stiri\/actual\/ursii-au-bagat-frica-in-7-comune-din-judetul-mures-oamenii-se-tem-pentru-viata-lor-pagube-imense-in-randul-culturilor-agricole_67d405f22e71903c2729adf2\" target=\"_blank\">gestionarea prezen\u021bei ur\u0219ilor \u00een localit\u0103\u021bi.<\/a><\/p>\n<p>\u00cen acela\u0219i timp, prefectul jude\u021bului Prahova, Emil Dr\u0103g\u0103nescu, a atras aten\u021bia asupra insuficien\u021bei cotelor de recoltare, avertiz\u00e2nd c\u0103 atacurile ur\u0219ilor vor deveni tot mai frecvente dac\u0103 nu se iau m\u0103suri concrete. \u00cen urma tragediei din Bucegi, unde o t\u00e2n\u0103r\u0103 de 19 ani a fost atacat\u0103 \u0219i ucis\u0103 de un urs, autorit\u0103\u021bile trebuie s\u0103 urgenteze modific\u0103rile legislative \u0219i s\u0103 implementeze solu\u021bii eficiente pentru protec\u021bia comunit\u0103\u021bilor.<\/p>\n<p>Fechet a conchis c\u0103, pentru a evita tragedii, este esen\u021bial ca ur\u0219ii care reprezint\u0103 un pericol s\u0103 fie elimina\u021bi rapid, iar solu\u021biile temporare, precum relocarea, s\u0103 nu mai fie considerate o op\u021biune viabil\u0103.<\/p>","protected":false},"excerpt":{"rendered":"<p>Ce a transmis Ministrul Mediului? Potrivit oficialului, m\u0103surile de alungare \u0219i relocare a ur\u0219ilor nu&hellip;<\/p>\n","protected":false},"author":0,"featured_media":43924,"comment_status":"open","ping_status":"open","sticky":false,"template":"","format":"standard","meta":{"footnotes":""},"categories":[2],"tags":[],"class_list":["post-43923","post","type-post","status-publish","format-standard","has-post-thumbnail","hentry","category-actual"],"_links":{"self":[{"href":"https:\/\/247stiri.ro\/index.php\/wp-json\/wp\/v2\/posts\/43923","targetHints":{"allow":["GET"]}}],"collection":[{"href":"https:\/\/247stiri.ro\/index.php\/wp-json\/wp\/v2\/posts"}],"about":[{"href":"https:\/\/247stiri.ro\/index.php\/wp-json\/wp\/v2\/types\/post"}],"replies":[{"embeddable":true,"href":"https:\/\/247stiri.ro\/index.php\/wp-json\/wp\/v2\/comments?post=43923"}],"version-history":[{"count":0,"href":"https:\/\/247stiri.ro\/index.php\/wp-json\/wp\/v2\/posts\/43923\/revisions"}],"wp:featuredmedia":[{"embeddable":true,"href":"https:\/\/247stiri.ro\/index.php\/wp-json\/wp\/v2\/media\/43924"}],"wp:attachment":[{"href":"https:\/\/247stiri.ro\/index.php\/wp-json\/wp\/v2\/media?parent=43923"}],"wp:term":[{"taxonomy":"category","embeddable":true,"href":"https:\/\/247stiri.ro\/index.php\/wp-json\/wp\/v2\/categories?post=43923"},{"taxonomy":"post_tag","embeddable":true,"href":"https:\/\/247stiri.ro\/index.php\/wp-json\/wp\/v2\/tags?post=43923"}],"curies":[{"name":"wp","href":"https:\/\/api.w.org\/{rel}","templated":true}]}}