{"id":43926,"date":"2025-03-31T10:44:54","date_gmt":"2025-03-31T10:44:54","guid":{"rendered":"https:\/\/247stiri.ro\/index.php\/2025\/03\/31\/fiica-milionarului-din-arad-omorat-cu-o-bomba-pusa-in-masina-retinuta-de-politie-surse-femeia-judecata-ca-suspecta-si-a-scos-bratara-de-urmarire\/"},"modified":"2025-03-31T10:44:54","modified_gmt":"2025-03-31T10:44:54","slug":"fiica-milionarului-din-arad-omorat-cu-o-bomba-pusa-in-masina-retinuta-de-politie-surse-femeia-judecata-ca-suspecta-si-a-scos-bratara-de-urmarire","status":"publish","type":"post","link":"https:\/\/247stiri.ro\/index.php\/2025\/03\/31\/fiica-milionarului-din-arad-omorat-cu-o-bomba-pusa-in-masina-retinuta-de-politie-surse-femeia-judecata-ca-suspecta-si-a-scos-bratara-de-urmarire\/","title":{"rendered":"Fiica milionarului din ARAD omor\u00e2t cu o bomb\u0103 pus\u0103 \u00een ma\u0219in\u0103, re\u021binut\u0103 de poli\u021bie &#8211; SURSE. Femeia, judecat\u0103 ca suspect\u0103, \u0219i-a scos br\u0103\u021bara de urm\u0103rire"},"content":{"rendered":"<p>&#8222;La data de 30 martie, \u00een jurul orei 15:00, poli\u021bi\u0219tii Sec\u021biei 9 Rural\u0103 Sebi\u0219 au fost sesiza\u021bi despre faptul c\u0103, la o adres\u0103 din localitatea Dezna, br\u0103\u021bar\u0103 electronic\u0103 de monitorizate a unei persoane aflate sub control judiciar, ar fi fost distrus\u0103.<\/p>\n<p>La fa\u021ba locului, poli\u021bi\u0219tii au identificat o femeie de 44 de ani (Dronca Laura, fost\u0103 Bilcea\/Cri\u0219an) c\u0103reia i-a fost montat\u0103 o alt\u0103 br\u0103\u021bar\u0103 de monitorizare.<\/p>\n<p>A fost sesizat\u0103 Curtea de Apel Timi\u0219oara, urm\u00e2nd a fi luate m\u0103surile legale,&#8221; a transmis IPJ Arad.<\/p>\n<p>Potrivit unor surse Realitatea Plus, femeia a fost re\u021binut\u0103 pentru 24 de ore.<\/p>\n<p>Fiica milionarului ucis \u00een atentatul cu bomb\u0103 de la Arad, Laura B\u00e2lcea, a fost trimis\u0103 \u00een judecat\u0103 de procurorii Parchetului General pentru instigare la omor calificat \u00een varianta violen\u021bei \u00een familie, instigare la distrugere \u0219i instigare la nerespectarea regimului materiilor explozive. \u00cen acela\u0219i dosar, doi complici sunt acuza\u021bi de omor calificat, distrugere \u0219i nerespectarea regimului materiilor explozive. Omul de afaceri Ioan Cri\u0219an a murit \u00een anul 2021, dup\u0103 ce ma\u0219ina \u00een care se afla a explodat \u00een parcarea unui supermarket din Arad.<\/p>","protected":false},"excerpt":{"rendered":"<p>&#8222;La data de 30 martie, \u00een jurul orei 15:00, poli\u021bi\u0219tii Sec\u021biei 9 Rural\u0103 Sebi\u0219 au&hellip;<\/p>\n","protected":false},"author":0,"featured_media":43927,"comment_status":"open","ping_status":"open","sticky":false,"template":"","format":"standard","meta":{"footnotes":""},"categories":[2],"tags":[],"class_list":["post-43926","post","type-post","status-publish","format-standard","has-post-thumbnail","hentry","category-actual"],"_links":{"self":[{"href":"https:\/\/247stiri.ro\/index.php\/wp-json\/wp\/v2\/posts\/43926","targetHints":{"allow":["GET"]}}],"collection":[{"href":"https:\/\/247stiri.ro\/index.php\/wp-json\/wp\/v2\/posts"}],"about":[{"href":"https:\/\/247stiri.ro\/index.php\/wp-json\/wp\/v2\/types\/post"}],"replies":[{"embeddable":true,"href":"https:\/\/247stiri.ro\/index.php\/wp-json\/wp\/v2\/comments?post=43926"}],"version-history":[{"count":0,"href":"https:\/\/247stiri.ro\/index.php\/wp-json\/wp\/v2\/posts\/43926\/revisions"}],"wp:featuredmedia":[{"embeddable":true,"href":"https:\/\/247stiri.ro\/index.php\/wp-json\/wp\/v2\/media\/43927"}],"wp:attachment":[{"href":"https:\/\/247stiri.ro\/index.php\/wp-json\/wp\/v2\/media?parent=43926"}],"wp:term":[{"taxonomy":"category","embeddable":true,"href":"https:\/\/247stiri.ro\/index.php\/wp-json\/wp\/v2\/categories?post=43926"},{"taxonomy":"post_tag","embeddable":true,"href":"https:\/\/247stiri.ro\/index.php\/wp-json\/wp\/v2\/tags?post=43926"}],"curies":[{"name":"wp","href":"https:\/\/api.w.org\/{rel}","templated":true}]}}