{"id":43941,"date":"2025-03-31T11:44:51","date_gmt":"2025-03-31T11:44:51","guid":{"rendered":"https:\/\/247stiri.ro\/index.php\/2025\/03\/31\/vicepremierul-italiei-atac-dur-dupa-ce-marine-le-pen-a-fost-interzisa-salvini-un-film-groaznic-pe-care-l-vedem-si-in-romania\/"},"modified":"2025-03-31T11:44:51","modified_gmt":"2025-03-31T11:44:51","slug":"vicepremierul-italiei-atac-dur-dupa-ce-marine-le-pen-a-fost-interzisa-salvini-un-film-groaznic-pe-care-l-vedem-si-in-romania","status":"publish","type":"post","link":"https:\/\/247stiri.ro\/index.php\/2025\/03\/31\/vicepremierul-italiei-atac-dur-dupa-ce-marine-le-pen-a-fost-interzisa-salvini-un-film-groaznic-pe-care-l-vedem-si-in-romania\/","title":{"rendered":"Vicepremierul Italiei, atac dur dup\u0103 ce Marine Le Pen a fost interzis\u0103. Salvini: &#8222;Un film groaznic pe care-l vedem \u0219i \u00een Rom\u00e2nia\u201d"},"content":{"rendered":"<p>&#8222;Cei care se tem de judecata aleg\u0103torilor caut\u0103 adesea lini\u0219tirea instan\u021belor.<\/p>\n<p>La Paris, au condamnat-o pe Marine Le Pen \u0219i ar dori s\u0103 o \u00eendep\u0103rteze din via\u021ba politic\u0103. Un film prost pe care \u00eel vedem \u0219i \u00een alte \u021b\u0103ri precum <a href=\"https:\/\/www.realitatea.net\/stiri\/politica\/marine-le-pen-executata-pe-modelul-georgescu-scandal-urias-in-franta-inainte-de-alegeri_67ea6173e697980b7c271cc1\" target=\"_blank\">Rom\u00e2nia.<\/a><\/p>\n<p>Ceea ce se \u00eent\u00e2mpl\u0103 \u00eempotriva @MLP_officiel este o declara\u021bie de r\u0103zboi de la Bruxelles, \u00eentr-un moment \u00een care impulsurile r\u0103zboinice ale (Ursulei) von der Leyen \u0219i Macron sunt terifiante.\u00a0 Nu suntem intimida\u021bi, nu suntem opri\u021bi: toat\u0103 viteza \u00eenainte, prietene!&#8221; a scris Salvini.<\/p>\n<p>Ceux qui craignent le jugement des \u00e9lecteurs cherchent souvent \u00e0 se rassurer par celui des tribunaux.\u00c0 Paris, ils ont condamn\u00e9 Marine Le Pen et aimeraient l\u2019\u00e9carter de la vie politique. Un mauvais film que l\u2019on observe \u00e9galement dans d\u2019autres pays comme la Roumanie.Ce qui se\u2026<\/p>\n<p>\u2014 Matteo Salvini (@matteosalvinimi) <a href=\"https:\/\/twitter.com\/matteosalvinimi\/status\/1906666355572511062?ref_src=twsrc%5Etfw\">March 31, 2025<\/a><\/p>\n<p>\u00a0<\/p>\n<p>\u00a0<\/p>","protected":false},"excerpt":{"rendered":"<p>&#8222;Cei care se tem de judecata aleg\u0103torilor caut\u0103 adesea lini\u0219tirea instan\u021belor. La Paris, au condamnat-o&hellip;<\/p>\n","protected":false},"author":0,"featured_media":43938,"comment_status":"open","ping_status":"open","sticky":false,"template":"","format":"standard","meta":{"footnotes":""},"categories":[2],"tags":[],"class_list":["post-43941","post","type-post","status-publish","format-standard","has-post-thumbnail","hentry","category-actual"],"_links":{"self":[{"href":"https:\/\/247stiri.ro\/index.php\/wp-json\/wp\/v2\/posts\/43941","targetHints":{"allow":["GET"]}}],"collection":[{"href":"https:\/\/247stiri.ro\/index.php\/wp-json\/wp\/v2\/posts"}],"about":[{"href":"https:\/\/247stiri.ro\/index.php\/wp-json\/wp\/v2\/types\/post"}],"replies":[{"embeddable":true,"href":"https:\/\/247stiri.ro\/index.php\/wp-json\/wp\/v2\/comments?post=43941"}],"version-history":[{"count":0,"href":"https:\/\/247stiri.ro\/index.php\/wp-json\/wp\/v2\/posts\/43941\/revisions"}],"wp:featuredmedia":[{"embeddable":true,"href":"https:\/\/247stiri.ro\/index.php\/wp-json\/wp\/v2\/media\/43938"}],"wp:attachment":[{"href":"https:\/\/247stiri.ro\/index.php\/wp-json\/wp\/v2\/media?parent=43941"}],"wp:term":[{"taxonomy":"category","embeddable":true,"href":"https:\/\/247stiri.ro\/index.php\/wp-json\/wp\/v2\/categories?post=43941"},{"taxonomy":"post_tag","embeddable":true,"href":"https:\/\/247stiri.ro\/index.php\/wp-json\/wp\/v2\/tags?post=43941"}],"curies":[{"name":"wp","href":"https:\/\/api.w.org\/{rel}","templated":true}]}}