{"id":43944,"date":"2025-03-31T11:44:52","date_gmt":"2025-03-31T11:44:52","guid":{"rendered":"https:\/\/247stiri.ro\/index.php\/2025\/03\/31\/primavara-isi-intra-in-drepturi-urmeaza-4-saptamani-cu-vreme-in-general-frumoasa-prognoza-pana-pe-28-aprilie\/"},"modified":"2025-03-31T11:44:52","modified_gmt":"2025-03-31T11:44:52","slug":"primavara-isi-intra-in-drepturi-urmeaza-4-saptamani-cu-vreme-in-general-frumoasa-prognoza-pana-pe-28-aprilie","status":"publish","type":"post","link":"https:\/\/247stiri.ro\/index.php\/2025\/03\/31\/primavara-isi-intra-in-drepturi-urmeaza-4-saptamani-cu-vreme-in-general-frumoasa-prognoza-pana-pe-28-aprilie\/","title":{"rendered":"Primavara \u00ee\u0219i intr\u0103 \u00een drepturi. Urmeaz\u0103 4 s\u0103pt\u0103m\u00e2ni cu vreme \u00een general frumoas\u0103: prognoza p\u00e2n\u0103 pe 28 aprilie"},"content":{"rendered":"<p>S\u0103pt\u0103m\u00e2na 31.03.2025 \u2013 07.04.2025<\/p>\n<p>Mediile valorilor termice se vor situa \u00een jurul celor specifice pentru acest interval \u00een toate regiunile. Regimul pluviometric va fi excedentar \u00een regiunile sudice \u0219i estice, \u00een timp ce \u00een restul teritoriului va fi \u00een general deficitar.<\/p>\n<p>S\u0103pt\u0103m\u00e2na 07.04.2025 \u2013 14.04.2025<\/p>\n<p>Temperatura medie a aerului va avea valori u\u0219or mai cobor\u00e2te dec\u00e2t mediile climatologice ale acestei perioade.<\/p>\n<p>Regimul pluviometric se va situa \u00een limite normale pentru aceast\u0103 s\u0103pt\u0103m\u00e2n\u0103 \u00een cea mai mare parte a \u021b\u0103rii, posibil u\u0219or excedentar \u00een zona montan\u0103 din sud-vestul teritoriului.<\/p>\n<p>S\u0103pt\u0103m\u00e2na 14.04.2025 \u2013 21.04.2025<\/p>\n<p>Temperatura medie a aerului va avea valori apropiate de normalul perioadei \u00een toate regiunile.<\/p>\n<p>Cantit\u0103\u021bile de precipita\u021bii vor fi apropiate de cele normale pentru aceast\u0103 perioad\u0103 \u00een toate regiunile.<\/p>\n<p>S\u0103pt\u0103m\u00e2na 21.04.2025 \u2013 28.04.2025<\/p>\n<p>Mediile valorilor termice se vor situa \u00een jurul celor specifice pentru aceast\u0103 s\u0103pt\u0103m\u00e2n\u0103 la nivelul \u00eentregii \u021b\u0103ri.<\/p>\n<p>Cantit\u0103\u021bile de precipita\u021bii vor fi \u00een general apropiate de cele normale pentru aceast\u0103 perioad\u0103, \u00een cea mai mare parte a \u021b\u0103rii.<\/p>","protected":false},"excerpt":{"rendered":"<p>S\u0103pt\u0103m\u00e2na 31.03.2025 \u2013 07.04.2025 Mediile valorilor termice se vor situa \u00een jurul celor specifice pentru&hellip;<\/p>\n","protected":false},"author":0,"featured_media":43945,"comment_status":"open","ping_status":"open","sticky":false,"template":"","format":"standard","meta":{"footnotes":""},"categories":[2],"tags":[],"class_list":["post-43944","post","type-post","status-publish","format-standard","has-post-thumbnail","hentry","category-actual"],"_links":{"self":[{"href":"https:\/\/247stiri.ro\/index.php\/wp-json\/wp\/v2\/posts\/43944","targetHints":{"allow":["GET"]}}],"collection":[{"href":"https:\/\/247stiri.ro\/index.php\/wp-json\/wp\/v2\/posts"}],"about":[{"href":"https:\/\/247stiri.ro\/index.php\/wp-json\/wp\/v2\/types\/post"}],"replies":[{"embeddable":true,"href":"https:\/\/247stiri.ro\/index.php\/wp-json\/wp\/v2\/comments?post=43944"}],"version-history":[{"count":0,"href":"https:\/\/247stiri.ro\/index.php\/wp-json\/wp\/v2\/posts\/43944\/revisions"}],"wp:featuredmedia":[{"embeddable":true,"href":"https:\/\/247stiri.ro\/index.php\/wp-json\/wp\/v2\/media\/43945"}],"wp:attachment":[{"href":"https:\/\/247stiri.ro\/index.php\/wp-json\/wp\/v2\/media?parent=43944"}],"wp:term":[{"taxonomy":"category","embeddable":true,"href":"https:\/\/247stiri.ro\/index.php\/wp-json\/wp\/v2\/categories?post=43944"},{"taxonomy":"post_tag","embeddable":true,"href":"https:\/\/247stiri.ro\/index.php\/wp-json\/wp\/v2\/tags?post=43944"}],"curies":[{"name":"wp","href":"https:\/\/api.w.org\/{rel}","templated":true}]}}