{"id":43947,"date":"2025-03-31T11:44:53","date_gmt":"2025-03-31T11:44:53","guid":{"rendered":"https:\/\/247stiri.ro\/index.php\/2025\/03\/31\/incendiu-la-scoala-din-malu-alb-galati-focul-ar-fi-fost-pus-intentionat\/"},"modified":"2025-03-31T11:44:53","modified_gmt":"2025-03-31T11:44:53","slug":"incendiu-la-scoala-din-malu-alb-galati-focul-ar-fi-fost-pus-intentionat","status":"publish","type":"post","link":"https:\/\/247stiri.ro\/index.php\/2025\/03\/31\/incendiu-la-scoala-din-malu-alb-galati-focul-ar-fi-fost-pus-intentionat\/","title":{"rendered":"Incendiu la \u0219coala din Malu Alb, Gala\u021bi: focul ar fi fost pus inten\u021bionat"},"content":{"rendered":"<p>Potrivit ISU Gala\u021bi, fl\u0103c\u0103rile au distrus interiorul unei s\u0103li de curs.<\/p>\n<p>\u00cen urma unui apel prin SNUAU 112, Dispeceratul Integrat ISU SAJ Gala\u021bi a fost anun\u021bat, la miezul nop\u021bii, despre producerea unui incendiu in interiorul unei \u00eenc\u0103peri a \u0218colii gimnaziale din localitatea Malu Alb.<\/p>\n<p>&#8216;La locul evenimentului s-au deplasat dou\u0103 autospeciale de stingere \u0219i echipajul SMURD de la Deta\u0219amentul de Pompieri Tecuci. Echipajele sosite la locul evenimentului au localizat incendiul la nivelul unei s\u0103li de clas\u0103 \u0219i au evacuat fumul din \u00eenc\u0103peri. Au ars articole de mobilier \u0219i recuzit\u0103 \u0219colar\u0103 doar din interiorul unei s\u0103li de curs (circa 55 de metri p\u0103tra\u021bi), cu degaj\u0103ri mari de fum ce au condus la inundarea \u00eentregului corp de \u0219coal\u0103\/cl\u0103dire, dar \u0219i a podului&#8217;, a transmis ISU Gala\u021bi.<\/p>\n<p>Cauza probabil\u0103 de producere a incendiului este \u00een curs de stabilire, exist\u00e2nd suspiciunea c\u0103 focul ar fi fost pus inten\u021bionat.<\/p>\n<p>&#8216;Poli\u021bia a preluat cazul, se fac cercet\u0103ri suplimentare pentru stabilirea circumstan\u021belor producerii evenimentului. S-a constituit o echipa mixt\u0103 de stabilire a \u00eemprejur\u0103rilor de producere a incendiului&#8217;, mai precizeaz\u0103 reprezentan\u021bii ISU Gala\u021bi.<\/p>\n<p>\u00a0<\/p>","protected":false},"excerpt":{"rendered":"<p>Potrivit ISU Gala\u021bi, fl\u0103c\u0103rile au distrus interiorul unei s\u0103li de curs. \u00cen urma unui apel&hellip;<\/p>\n","protected":false},"author":0,"featured_media":43948,"comment_status":"open","ping_status":"open","sticky":false,"template":"","format":"standard","meta":{"footnotes":""},"categories":[2],"tags":[],"class_list":["post-43947","post","type-post","status-publish","format-standard","has-post-thumbnail","hentry","category-actual"],"_links":{"self":[{"href":"https:\/\/247stiri.ro\/index.php\/wp-json\/wp\/v2\/posts\/43947","targetHints":{"allow":["GET"]}}],"collection":[{"href":"https:\/\/247stiri.ro\/index.php\/wp-json\/wp\/v2\/posts"}],"about":[{"href":"https:\/\/247stiri.ro\/index.php\/wp-json\/wp\/v2\/types\/post"}],"replies":[{"embeddable":true,"href":"https:\/\/247stiri.ro\/index.php\/wp-json\/wp\/v2\/comments?post=43947"}],"version-history":[{"count":0,"href":"https:\/\/247stiri.ro\/index.php\/wp-json\/wp\/v2\/posts\/43947\/revisions"}],"wp:featuredmedia":[{"embeddable":true,"href":"https:\/\/247stiri.ro\/index.php\/wp-json\/wp\/v2\/media\/43948"}],"wp:attachment":[{"href":"https:\/\/247stiri.ro\/index.php\/wp-json\/wp\/v2\/media?parent=43947"}],"wp:term":[{"taxonomy":"category","embeddable":true,"href":"https:\/\/247stiri.ro\/index.php\/wp-json\/wp\/v2\/categories?post=43947"},{"taxonomy":"post_tag","embeddable":true,"href":"https:\/\/247stiri.ro\/index.php\/wp-json\/wp\/v2\/tags?post=43947"}],"curies":[{"name":"wp","href":"https:\/\/api.w.org\/{rel}","templated":true}]}}