{"id":43955,"date":"2025-03-31T12:45:23","date_gmt":"2025-03-31T12:45:23","guid":{"rendered":"https:\/\/247stiri.ro\/index.php\/2025\/03\/31\/lidera-pot-anamaria-gravrila-un-nou-semnal-de-alarma-securitatea-romaniei-este-in-pericol-nu-mai-avem-democratie\/"},"modified":"2025-03-31T12:45:23","modified_gmt":"2025-03-31T12:45:23","slug":"lidera-pot-anamaria-gravrila-un-nou-semnal-de-alarma-securitatea-romaniei-este-in-pericol-nu-mai-avem-democratie","status":"publish","type":"post","link":"https:\/\/247stiri.ro\/index.php\/2025\/03\/31\/lidera-pot-anamaria-gravrila-un-nou-semnal-de-alarma-securitatea-romaniei-este-in-pericol-nu-mai-avem-democratie\/","title":{"rendered":"Lidera POT, Anamaria Gravril\u0103, un nou semnal de alarm\u0103: Securitatea Rom\u00e2niei este \u00een pericol, nu mai avem democra\u021bie"},"content":{"rendered":"<p>\u00cen exclusivitate la Realitatea Plus, Gavril\u0103 a ar\u0103tat c\u0103 rom\u00e2nii s-au trezit, valul suvernist nu mai poate fi oprit \u0219i c\u0103, mai devreme sau mai t\u00e2rziu, se va face dreptate.<\/p>\n<p>&#8222;Pe Traian B\u0103sescu nu-l putem b\u0103nui de suvernist sau sus\u021binere a curentului suveranist. Ei bine, ne place sau nu, trebuie s\u0103 d\u0103m Cezarului ce este al Cezarului \u0219i s\u0103 recunoa\u0219tem c\u0103 domnia sa are o anumit\u0103 experien\u021b\u0103 \u0219i simte, \u0219tie s\u0103 citeasc\u0103 printre r\u00e2nduri \u0219i declara\u021bii ce se \u00eent\u00e2mpl\u0103 \u00een plan interna\u021bional.<\/p>\n<p><a href=\"https:\/\/www.realitatea.net\/stiri\/actual\/basescu-arunca-bomba-relatia-romaniasua-afectata-de-anularea-alegerilor-prezidentiale-exista-riscul-ca-unele-state-sa-ezite-sa-recunoasca-rezultatul-alegerilor_67ea6f7a52b3fe78ec454fb7#google_vignette\" target=\"_blank\">B\u0103sescu arunc\u0103 bomba: Rela\u021bia Rom\u00e2nia-SUA, afectat\u0103 de anularea alegerilor preziden\u021biale. Exist\u0103 riscul ca unele state s\u0103 ezite s\u0103 recunoasc\u0103 rezultatul alegerilor<\/a><\/p>\n<p>Noi trebuie s\u0103 le explic\u0103m rom\u00e2nilor ce \u00eenseamn\u0103 a nu recunoa\u0219te alegerile \u00eentr-o \u021bar\u0103: \u00eenseamn\u0103 c\u0103 administra\u021bia Donald Trump nu va r\u0103spunde niciunei cereri, niciunei \u00eentreb\u0103ri sau telefon din Rom\u00e2ni \u00een ceea ce prive\u0219te securitatea Rom\u00e2niei.<\/p>\n<p>Este ceea ce Traian B\u0103sescu ne-a spus cu alte cuvinte \u0219i noi am \u0219tiu dintotdeauna. Lipsa democra\u021biei \u00een Rom\u00e2nia, prin anularea alegerilor, \u00eenseamn\u0103 lipsa securit\u0103\u021bii din punctul de vedere al Statelor Unite.<\/p>\n<p>Ce s\u0103 \u00een\u021beleag\u0103 un om de r\u00e2nd?! S\u0103 \u00een\u021beleag\u0103 faptul c\u0103 \u00een caz de r\u0103zboi SUA s-ar putea s\u0103 nu r\u0103spund\u0103 la telefon?!&#8221; a declarat Anamaria Gabril\u0103.<\/p>","protected":false},"excerpt":{"rendered":"<p>\u00cen exclusivitate la Realitatea Plus, Gavril\u0103 a ar\u0103tat c\u0103 rom\u00e2nii s-au trezit, valul suvernist nu&hellip;<\/p>\n","protected":false},"author":0,"featured_media":43952,"comment_status":"open","ping_status":"open","sticky":false,"template":"","format":"standard","meta":{"footnotes":""},"categories":[2],"tags":[],"class_list":["post-43955","post","type-post","status-publish","format-standard","has-post-thumbnail","hentry","category-actual"],"_links":{"self":[{"href":"https:\/\/247stiri.ro\/index.php\/wp-json\/wp\/v2\/posts\/43955","targetHints":{"allow":["GET"]}}],"collection":[{"href":"https:\/\/247stiri.ro\/index.php\/wp-json\/wp\/v2\/posts"}],"about":[{"href":"https:\/\/247stiri.ro\/index.php\/wp-json\/wp\/v2\/types\/post"}],"replies":[{"embeddable":true,"href":"https:\/\/247stiri.ro\/index.php\/wp-json\/wp\/v2\/comments?post=43955"}],"version-history":[{"count":0,"href":"https:\/\/247stiri.ro\/index.php\/wp-json\/wp\/v2\/posts\/43955\/revisions"}],"wp:featuredmedia":[{"embeddable":true,"href":"https:\/\/247stiri.ro\/index.php\/wp-json\/wp\/v2\/media\/43952"}],"wp:attachment":[{"href":"https:\/\/247stiri.ro\/index.php\/wp-json\/wp\/v2\/media?parent=43955"}],"wp:term":[{"taxonomy":"category","embeddable":true,"href":"https:\/\/247stiri.ro\/index.php\/wp-json\/wp\/v2\/categories?post=43955"},{"taxonomy":"post_tag","embeddable":true,"href":"https:\/\/247stiri.ro\/index.php\/wp-json\/wp\/v2\/tags?post=43955"}],"curies":[{"name":"wp","href":"https:\/\/api.w.org\/{rel}","templated":true}]}}