{"id":43961,"date":"2025-03-31T12:45:25","date_gmt":"2025-03-31T12:45:25","guid":{"rendered":"https:\/\/247stiri.ro\/index.php\/2025\/03\/31\/spital-din-capitala-perchezitionat-de-politisti-intr-un-caz-grav-de-malpraxis-o-pacienta-a-murit-dupa-o-interventie-chirurgicala-ce-a-patit-femeia\/"},"modified":"2025-03-31T12:45:25","modified_gmt":"2025-03-31T12:45:25","slug":"spital-din-capitala-perchezitionat-de-politisti-intr-un-caz-grav-de-malpraxis-o-pacienta-a-murit-dupa-o-interventie-chirurgicala-ce-a-patit-femeia","status":"publish","type":"post","link":"https:\/\/247stiri.ro\/index.php\/2025\/03\/31\/spital-din-capitala-perchezitionat-de-politisti-intr-un-caz-grav-de-malpraxis-o-pacienta-a-murit-dupa-o-interventie-chirurgicala-ce-a-patit-femeia\/","title":{"rendered":"Spital din Capital\u0103, perchezi\u0163ionat de poli\u0163i\u015fti \u00eentr-un caz grav de malpraxis. O pacient\u0103 a murit dup\u0103 o interven\u021bie chirurgical\u0103: ce a p\u0103\u021bit femeia"},"content":{"rendered":"<p>&#8222;\u00cen aceast\u0103 diminea\u021b\u0103, 31 martie a.c., poli\u021bi\u0219tii din cadrul Serviciului Investiga\u021bii Criminale, sub coordonarea unui procuror de la Parchetul de pe l\u00e2ng\u0103 Judec\u0103toria T\u00e2rgovi\u0219te, au pus \u00een executare un mandat de perchezi\u021bie domiciliar\u0103 la sediul unei institu\u021bii medicale din Bucure\u0219ti. Totodat\u0103, vor fi puse \u00een executare cinci mandate de aducere, persoanele vizate urm\u00e2nd s\u0103 fie conduse la sediul poli\u021biei pentru audieri&#8221;, a transmis luni Inspectoratul de Poli\u021bie Jude\u021bean (IPJ) D\u00e2mbovi\u021ba.<\/p>\n<p>Perchezi\u021biile au loc \u00een cadrul unui dosar penal \u00eentocmit pentru fals intelectual \u0219i favorizare a f\u0103ptuitorului.<\/p>\n<p>&#8222;Men\u021bion\u0103m faptul c\u0103 investiga\u021biile au fost extinse dup\u0103 ce, la data de 5 decembrie 2022, un b\u0103rbat de 69 de ani, \u00een timpul unei interven\u021bii chirurgicale, ar fi uitat \u00een corpul unei paciente un material medical, fapt ce ar fi condus la complica\u021bii \u0219i, ulterior, la decesul acesteia&#8221;, mai anun\u021b\u0103 IPJ D\u00e2mbovi\u021ba.<\/p>\n<p>Conform sursei citate, cercet\u0103rile continu\u0103 sub coordonarea procurorului de caz, pentru administrarea \u00eentregului probatoriu \u0219i dispunerea m\u0103surilor procedurale prev\u0103zute de lege.<\/p>","protected":false},"excerpt":{"rendered":"<p>&#8222;\u00cen aceast\u0103 diminea\u021b\u0103, 31 martie a.c., poli\u021bi\u0219tii din cadrul Serviciului Investiga\u021bii Criminale, sub coordonarea unui&hellip;<\/p>\n","protected":false},"author":0,"featured_media":43962,"comment_status":"open","ping_status":"open","sticky":false,"template":"","format":"standard","meta":{"footnotes":""},"categories":[2],"tags":[],"class_list":["post-43961","post","type-post","status-publish","format-standard","has-post-thumbnail","hentry","category-actual"],"_links":{"self":[{"href":"https:\/\/247stiri.ro\/index.php\/wp-json\/wp\/v2\/posts\/43961","targetHints":{"allow":["GET"]}}],"collection":[{"href":"https:\/\/247stiri.ro\/index.php\/wp-json\/wp\/v2\/posts"}],"about":[{"href":"https:\/\/247stiri.ro\/index.php\/wp-json\/wp\/v2\/types\/post"}],"replies":[{"embeddable":true,"href":"https:\/\/247stiri.ro\/index.php\/wp-json\/wp\/v2\/comments?post=43961"}],"version-history":[{"count":0,"href":"https:\/\/247stiri.ro\/index.php\/wp-json\/wp\/v2\/posts\/43961\/revisions"}],"wp:featuredmedia":[{"embeddable":true,"href":"https:\/\/247stiri.ro\/index.php\/wp-json\/wp\/v2\/media\/43962"}],"wp:attachment":[{"href":"https:\/\/247stiri.ro\/index.php\/wp-json\/wp\/v2\/media?parent=43961"}],"wp:term":[{"taxonomy":"category","embeddable":true,"href":"https:\/\/247stiri.ro\/index.php\/wp-json\/wp\/v2\/categories?post=43961"},{"taxonomy":"post_tag","embeddable":true,"href":"https:\/\/247stiri.ro\/index.php\/wp-json\/wp\/v2\/tags?post=43961"}],"curies":[{"name":"wp","href":"https:\/\/api.w.org\/{rel}","templated":true}]}}