{"id":43975,"date":"2025-03-31T13:44:59","date_gmt":"2025-03-31T13:44:59","guid":{"rendered":"https:\/\/247stiri.ro\/index.php\/2025\/03\/31\/ursul-care-l-a-ranit-grav-pe-seful-salvamont-predeal-de-negasit-ciolacu-vrea-gard-electric\/"},"modified":"2025-03-31T13:44:59","modified_gmt":"2025-03-31T13:44:59","slug":"ursul-care-l-a-ranit-grav-pe-seful-salvamont-predeal-de-negasit-ciolacu-vrea-gard-electric","status":"publish","type":"post","link":"https:\/\/247stiri.ro\/index.php\/2025\/03\/31\/ursul-care-l-a-ranit-grav-pe-seful-salvamont-predeal-de-negasit-ciolacu-vrea-gard-electric\/","title":{"rendered":"Ursul care l-a r\u0103nit grav pe \u0219eful Salvamont Predeal, de neg\u0103sit. Ciolacu vrea gard electric"},"content":{"rendered":"<p>\u0218eful Salvamont Predeal se afl\u0103 \u00een stare critic\u0103 dup\u0103 ce a fost atacat de o ursoaic\u0103 \u00een Predeal.<a href=\"https:\/\/www.realitatea.net\/stiri\/actual\/un-barbat-a-fost-atacat-de-urs-in-predeal-salvatorii-lau-gasit-inconstient-in-mijlocul-strazii_67e9a3cf095f5c20fc44da12\" target=\"_blank\"> B\u0103rbatul a suferit de r\u0103ni severe la cap \u0219i fa\u021b\u0103, iar medicii sunt pruden\u021bi \u00een privin\u021ba \u0219anselor sale de supravie\u021buire.<\/a> Situa\u021bia este alarmant\u0103 \u00een sta\u021biune, iar autorit\u0103\u021bile continu\u0103 c\u0103ut\u0103rile pentru a g\u0103si ursoaica.<\/p>\n<p>Conform medicilor, b\u0103rbatul prezint\u0103 multiple traumatisme cranio-faciale \u0219i toracice, pl\u0103gi la cap \u0219i fa\u021b\u0103, fracturi ale mandibulei \u0219i mai multe fracturi costale. El este internat \u00een terapie intensiv\u0103, intubat \u0219i se afl\u0103 \u00eentr-o stare hemodinamic\u0103 instabil\u0103.<\/p>\n<p>O comisie multidisciplinar\u0103 va decide asupra tratamentului adecvat.<\/p>\n<p>Marius Leonte, purt\u0103torul de cuv\u00e2nt al Spitalului Jude\u021bean Bra\u0219ov, a declarat c\u0103 b\u0103rbatul are multiple traumatisme \u0219i c\u0103 prognosticul medicilor este rezervat. Dac\u0103 starea sa hemodinamic\u0103 se stabilizeaz\u0103, exist\u0103 posibilitatea s\u0103 fie transferat la un spital din Bucure\u0219ti.<\/p>\n<p>B\u0103rbatul a fost dus duminic\u0103 sear\u0103, 30 martie, \u00een jurul orei 23:00, la spitalul din Bra\u0219ov, \u00een stare foarte grav\u0103, suferind un stop cardio-respirator. Acesta a fost atacat pe o strad\u0103 din sta\u021biunea Predeal \u00een timp ce \u00ee\u0219i plimba c\u00e2inele.<\/p>\n<p>Mircea Fechet, ministrul Mediului, a declarat luni, 31 martie, la Antena 3 CNN, dup\u0103 ce \u0219eful Salvamont Predeal a fost atacat de un urs \u00een localitate, c\u0103 va propune \u00eempu\u0219carea ur\u0219ilor care ajung \u00een comunitate sau se apropie suficient de mult de intravilanul localit\u0103\u021bii, pun\u00e2nd astfel \u00een pericol via\u021ba oamenilor.<\/p>\n<p>&#8222;Concluzia principal\u0103 este aceea c\u0103 relocarea \u0219i alungarea nu fac nimic altceva dec\u00e2t s\u0103 mute problema \u00eentr-o alt\u0103 localitate, \u00eentr-un alt jude\u021b sau \u00eentr-un alt fond cinegetic. Ori eu cred c\u0103 ursul atunci c\u00e2nd ajunge \u00een gospod\u0103ria omului, atunci c\u00e2nd ajunge \u00een intravilanul localit\u0103\u021bii, atunci c\u00e2nd ajunge s\u0103 pun\u0103 \u00een pericol via\u021ba oamenilor, ursul trebuie \u00eempu\u0219cat. Nu exist\u0103 nicio alt\u0103 modalitate prin care s\u0103 \u00eendep\u0103rt\u0103m acel pericol, pentru c\u0103 acel urs, odat\u0103 ce s-a \u00eenv\u0103\u021bat s\u0103 caute \u00een gunoaie, s\u0103 umble dup\u0103 m\u00e2ncare, s\u0103 interac\u021bioneze \u00eentr-un fel cu oamenii sau s\u0103 le omoare animalele \u00een gospod\u0103rie, acel urs nu poate fi vreodat\u0103 vindecat de acest comportament.<\/p>\n<p>Ori cred c\u0103 singura posibilitate \u00een care putem gestiona aceste situa\u021bii sunt legate de o interven\u021bie mai concret\u0103 \u0219i nu \u0219tiu s\u0103 se fi inventat alt mod de a \u00eendep\u0103rta pericolul dec\u00e2t \u00eempu\u0219c\u00e2nd acele exemplare care pun via\u021ba oamenilor&#8221;, a explicat ministrul.<\/p>\n<p>Marcel Ciolacu merge pe gardurile electrice \u00een zonele de risc maxim<\/p>\n<p>Premierul\u00a0Marcel Ciolacu\u00a0cere m\u0103suri speciale \u00een cazul localit\u0103\u021bile unde au loc atacuri ale\u00a0ur\u0219ilor. Dup\u0103 ce mai mul\u021bi oameni au murit sau al\u021bii chiar au ajuns \u00een spital, Ciolacu spune c\u0103 e nevoie de m\u0103suri urgente.\u201eTrebuie s\u0103 \u00eencepem rapid inclusiv montarea, \u00een zonele de risc, a unor garduri electrice care s\u0103 protejeze eficient via\u021ba oamenilor\u201d, transmite Marcel Ciolacu, dup\u0103 ce \u0219eful Salvamont Predeal a fost atacat de un urs: \u201e\u00cemi asum un orice val nou de critici al ONG-urilor de mediu finan\u021bate de Soros\u201d.<\/p>\n<p>\u201eDac\u0103 este nevoie de decizii suplimentare pentru a proteja via\u021ba rom\u00e2nilor ameninta\u021bi de atacurile ur\u0219ilor, aceste solu\u021bii trebuie luate urgent. Cer tuturor autorit\u0103\u021bilor centrale \u0219i locale s\u0103 actualizeze de urgen\u021b\u0103 toate m\u0103surile administrative pentru a \u00eempiedica producerea de tragedii precum cea de asear\u0103, c\u00e2nd \u0219eful Salvamont Predeal a fost atacat de un urs pe o strad\u0103 din localitate.Da, vrem s\u0103 respect\u0103m principiile generale legate de protec\u021bia animalelor, \u00eens\u0103 asemenea argumente nu mai pot fi invocate c\u00e2nd solu\u021bii precum relocarea ur\u0219ilor se dovedesc ineficiente. Dac\u0103 ur\u0219i fl\u0103m\u00e2nzi ajung frecvent pe str\u0103zile unui ora\u0219, mai ales unul turistic, este clar c\u0103 asist\u0103m la producerea unei situa\u021bii de risc public major, iar acele animale trebuie extrase, totul \u00een conformitate cu noul cadru legal existent\u201d, scrie pe Facebook Marcel Ciolacu.<\/p>\n<p>Ciolacu spune c\u0103 \u00ee\u0219i asum\u0103 orice val nou de critici\u201e\u00cen plus, trebuie s\u0103 \u00eencepem rapid inclusiv montarea, \u00een zonele de risc, a unor garduri electrice care s\u0103 protejeze eficient via\u021ba oamenilor. Sunt dispus s\u0103-mi asum un orice val nou de critici al ONG-urilor de mediu finan\u021bate de Soros \u0219i de la to\u021bi reprezentan\u021bii progresismului anarhic, din \u021bar\u0103 sau din Europa. Via\u021ba rom\u00e2nilor este mai important\u0103 dec\u00e2t orice\u201d, \u00eencheie Ciolacu.<\/p>","protected":false},"excerpt":{"rendered":"<p>\u0218eful Salvamont Predeal se afl\u0103 \u00een stare critic\u0103 dup\u0103 ce a fost atacat de o&hellip;<\/p>\n","protected":false},"author":0,"featured_media":43976,"comment_status":"open","ping_status":"open","sticky":false,"template":"","format":"standard","meta":{"footnotes":""},"categories":[2],"tags":[],"class_list":["post-43975","post","type-post","status-publish","format-standard","has-post-thumbnail","hentry","category-actual"],"_links":{"self":[{"href":"https:\/\/247stiri.ro\/index.php\/wp-json\/wp\/v2\/posts\/43975","targetHints":{"allow":["GET"]}}],"collection":[{"href":"https:\/\/247stiri.ro\/index.php\/wp-json\/wp\/v2\/posts"}],"about":[{"href":"https:\/\/247stiri.ro\/index.php\/wp-json\/wp\/v2\/types\/post"}],"replies":[{"embeddable":true,"href":"https:\/\/247stiri.ro\/index.php\/wp-json\/wp\/v2\/comments?post=43975"}],"version-history":[{"count":0,"href":"https:\/\/247stiri.ro\/index.php\/wp-json\/wp\/v2\/posts\/43975\/revisions"}],"wp:featuredmedia":[{"embeddable":true,"href":"https:\/\/247stiri.ro\/index.php\/wp-json\/wp\/v2\/media\/43976"}],"wp:attachment":[{"href":"https:\/\/247stiri.ro\/index.php\/wp-json\/wp\/v2\/media?parent=43975"}],"wp:term":[{"taxonomy":"category","embeddable":true,"href":"https:\/\/247stiri.ro\/index.php\/wp-json\/wp\/v2\/categories?post=43975"},{"taxonomy":"post_tag","embeddable":true,"href":"https:\/\/247stiri.ro\/index.php\/wp-json\/wp\/v2\/tags?post=43975"}],"curies":[{"name":"wp","href":"https:\/\/api.w.org\/{rel}","templated":true}]}}