{"id":43977,"date":"2025-03-31T13:45:00","date_gmt":"2025-03-31T13:45:00","guid":{"rendered":"https:\/\/247stiri.ro\/index.php\/2025\/03\/31\/marius-budai-internat-de-urgenta-la-spital-i-s-a-facut-rau-in-timp-ce-era-la-volan\/"},"modified":"2025-03-31T13:45:00","modified_gmt":"2025-03-31T13:45:00","slug":"marius-budai-internat-de-urgenta-la-spital-i-s-a-facut-rau-in-timp-ce-era-la-volan","status":"publish","type":"post","link":"https:\/\/247stiri.ro\/index.php\/2025\/03\/31\/marius-budai-internat-de-urgenta-la-spital-i-s-a-facut-rau-in-timp-ce-era-la-volan\/","title":{"rendered":"Marius Bud\u0103i, internat de urgen\u021b\u0103 la spital. I s-a f\u0103cut r\u0103u \u00een timp ce era la volan"},"content":{"rendered":"<p>Marius Bud\u0103i a pornit luni diminea\u021b\u0103 spre Capital\u0103, \u00eens\u0103 atunci c\u00e2nd se afla pe raza localit\u0103\u021bii H\u00eerl\u0103u a \u00eenceput s\u0103 se simt\u0103 r\u0103u.\u00a0F\u0103r\u0103 s\u0103 stea pe g\u00e2nduri <a href=\"https:\/\/www.realitatea.net\/stiri\/actual\/gabriel-andronache-pnl-fostul-ministru-psd-al-muncii-iese-la-rampa-cu-stiri-false_6730d6e143a9ea590f6b06d2\" target=\"_blank\">fostul ministru al Muncii<\/a> a mers la spitalul din localitate, unde a fost supus unui control am\u0103nun\u021bit.\u00a0<\/p>\n<p>Medicii din H\u00eerl\u0103u au decis s\u0103 \u00eel direc\u021bioneze pe deputat c\u0103tre Clinica de Neurochirurgie din Ia\u0219i unde a fost supus altor examin\u0103ri am\u0103nun\u021bite, at\u00e2t la computer tomograf, c\u00e2t \u0219i RMN, scrie <a href=\"https:\/\/www.botosaninews.ro\/678259\/politic\/deputatul-marius-budai-spitalizat-de-urgenta-i-s-a-facut-rau-in-timp-ce-era-la-volan\/?fbclid=IwY2xjawJXcvhleHRuA2FlbQIxMAABHY6fJfsLAKJ4Ssljt82IlQjWNLjdJ0uEp47BFrKMMJ7K-4A0kDi2rpJIdg_aem_CSLPpPLqbQcMd1yZmjxe4A\" target=\"_blank\">botosaneanul.ro.<\/a><\/p>\n<p>Conform aceleia\u0219i surse, rezultatele ar fi ar\u0103tat c\u0103 fostul ministru nu a suferit un accident vascular cerebral.<\/p>\n<p>Se pare c\u0103 Marius Bud\u0103i ar fi suferit un accident ischemic vascular care apare atunci c\u00e2nd irigarea cu s\u00e2nge a unei p\u0103r\u021bi a creierului este blocat\u0103 fie de un cheag de s\u00e2nge \u00eentr-un vas cerebral, fie de ateroscleroz\u0103.<\/p>","protected":false},"excerpt":{"rendered":"<p>Marius Bud\u0103i a pornit luni diminea\u021b\u0103 spre Capital\u0103, \u00eens\u0103 atunci c\u00e2nd se afla pe raza&hellip;<\/p>\n","protected":false},"author":0,"featured_media":43971,"comment_status":"open","ping_status":"open","sticky":false,"template":"","format":"standard","meta":{"footnotes":""},"categories":[2],"tags":[],"class_list":["post-43977","post","type-post","status-publish","format-standard","has-post-thumbnail","hentry","category-actual"],"_links":{"self":[{"href":"https:\/\/247stiri.ro\/index.php\/wp-json\/wp\/v2\/posts\/43977","targetHints":{"allow":["GET"]}}],"collection":[{"href":"https:\/\/247stiri.ro\/index.php\/wp-json\/wp\/v2\/posts"}],"about":[{"href":"https:\/\/247stiri.ro\/index.php\/wp-json\/wp\/v2\/types\/post"}],"replies":[{"embeddable":true,"href":"https:\/\/247stiri.ro\/index.php\/wp-json\/wp\/v2\/comments?post=43977"}],"version-history":[{"count":0,"href":"https:\/\/247stiri.ro\/index.php\/wp-json\/wp\/v2\/posts\/43977\/revisions"}],"wp:featuredmedia":[{"embeddable":true,"href":"https:\/\/247stiri.ro\/index.php\/wp-json\/wp\/v2\/media\/43971"}],"wp:attachment":[{"href":"https:\/\/247stiri.ro\/index.php\/wp-json\/wp\/v2\/media?parent=43977"}],"wp:term":[{"taxonomy":"category","embeddable":true,"href":"https:\/\/247stiri.ro\/index.php\/wp-json\/wp\/v2\/categories?post=43977"},{"taxonomy":"post_tag","embeddable":true,"href":"https:\/\/247stiri.ro\/index.php\/wp-json\/wp\/v2\/tags?post=43977"}],"curies":[{"name":"wp","href":"https:\/\/api.w.org\/{rel}","templated":true}]}}