{"id":43979,"date":"2025-03-31T13:45:01","date_gmt":"2025-03-31T13:45:01","guid":{"rendered":"https:\/\/247stiri.ro\/index.php\/2025\/03\/31\/tragedie-in-ialomita-un-barbat-a-murit-strivit-sub-o-caruta-plina-cu-lemne\/"},"modified":"2025-03-31T13:45:01","modified_gmt":"2025-03-31T13:45:01","slug":"tragedie-in-ialomita-un-barbat-a-murit-strivit-sub-o-caruta-plina-cu-lemne","status":"publish","type":"post","link":"https:\/\/247stiri.ro\/index.php\/2025\/03\/31\/tragedie-in-ialomita-un-barbat-a-murit-strivit-sub-o-caruta-plina-cu-lemne\/","title":{"rendered":"Tragedie \u00een Ialomi\u021ba! Un b\u0103rbat a murit strivit sub o c\u0103ru\u021b\u0103 plin\u0103 cu lemne"},"content":{"rendered":"<p>Potrivit reprezentan\u021bilor ISU Ialomi\u021ba, c\u0103ru\u021ba\u0219ul a fost prins sub \u00eenc\u0103rc\u0103tur\u0103 \u0219i <a href=\"https:\/\/www.realitatea.net\/stiri\/actual\/tragedie-pe-un-drum-national-din-dolj-o-femeie-sia-pierdut-viata-dupa-ce-masina-sa-izbit-de-un-camion-parcat_67ea51ecdb05f9042d5fd5b2\" target=\"_blank\">nu a mai avut nicio \u0219ans\u0103<\/a>.\u00a0<\/p>\n<p>La fa\u021ba locului, au fost alocate de urgen\u0163\u0103 o autospecial\u0103 de stingere, o autospecial\u0103 de descarcerare \u015fi o ambulan\u0163\u0103 SMURD din cadrul Deta\u015famentului de pompieri Slobozia. \u00cen sprijinul acestora a ac\u0163ionat \u015fi un echipaj al Serviciului Jude\u0163ean de Ambulan\u0163\u0103 Ialomi\u0163a.<\/p>\n<p>\u201eLa locul solicit\u0103rii a fost g\u0103sit\u0103 o persoan\u0103 de sex masculine, cu v\u00e2rsta de aproximativ 51 de ani, care era blocat\u0103 sub \u00eenc\u0103rc\u0103tur\u0103. Aceasta a fost extras\u0103 \u00een stare de incon\u015ftien\u0163\u0103, \u00een stop cardio-respirator \u015fi i-au fost aplicate imediat manevrele de resuscitare. Din p\u0103cate victima nu a r\u0103spuns fiind declarat\u0103 decedat\u0103, de c\u0103tre echipajele medicale aflate la locul accidentului\u201d, au mai declarat reprezentan\u0163ii ISU Ialomi\u0163a.<\/p>","protected":false},"excerpt":{"rendered":"<p>Potrivit reprezentan\u021bilor ISU Ialomi\u021ba, c\u0103ru\u021ba\u0219ul a fost prins sub \u00eenc\u0103rc\u0103tur\u0103 \u0219i nu a mai avut&hellip;<\/p>\n","protected":false},"author":0,"featured_media":43980,"comment_status":"open","ping_status":"open","sticky":false,"template":"","format":"standard","meta":{"footnotes":""},"categories":[2],"tags":[],"class_list":["post-43979","post","type-post","status-publish","format-standard","has-post-thumbnail","hentry","category-actual"],"_links":{"self":[{"href":"https:\/\/247stiri.ro\/index.php\/wp-json\/wp\/v2\/posts\/43979","targetHints":{"allow":["GET"]}}],"collection":[{"href":"https:\/\/247stiri.ro\/index.php\/wp-json\/wp\/v2\/posts"}],"about":[{"href":"https:\/\/247stiri.ro\/index.php\/wp-json\/wp\/v2\/types\/post"}],"replies":[{"embeddable":true,"href":"https:\/\/247stiri.ro\/index.php\/wp-json\/wp\/v2\/comments?post=43979"}],"version-history":[{"count":0,"href":"https:\/\/247stiri.ro\/index.php\/wp-json\/wp\/v2\/posts\/43979\/revisions"}],"wp:featuredmedia":[{"embeddable":true,"href":"https:\/\/247stiri.ro\/index.php\/wp-json\/wp\/v2\/media\/43980"}],"wp:attachment":[{"href":"https:\/\/247stiri.ro\/index.php\/wp-json\/wp\/v2\/media?parent=43979"}],"wp:term":[{"taxonomy":"category","embeddable":true,"href":"https:\/\/247stiri.ro\/index.php\/wp-json\/wp\/v2\/categories?post=43979"},{"taxonomy":"post_tag","embeddable":true,"href":"https:\/\/247stiri.ro\/index.php\/wp-json\/wp\/v2\/tags?post=43979"}],"curies":[{"name":"wp","href":"https:\/\/api.w.org\/{rel}","templated":true}]}}