{"id":43990,"date":"2025-03-31T14:45:06","date_gmt":"2025-03-31T14:45:06","guid":{"rendered":"https:\/\/247stiri.ro\/index.php\/2025\/03\/31\/mare-atentie-soferi-restrictii-de-circulatie-pe-autostrada-a2-pe-sensul-constanta-bucuresti\/"},"modified":"2025-03-31T14:45:06","modified_gmt":"2025-03-31T14:45:06","slug":"mare-atentie-soferi-restrictii-de-circulatie-pe-autostrada-a2-pe-sensul-constanta-bucuresti","status":"publish","type":"post","link":"https:\/\/247stiri.ro\/index.php\/2025\/03\/31\/mare-atentie-soferi-restrictii-de-circulatie-pe-autostrada-a2-pe-sensul-constanta-bucuresti\/","title":{"rendered":"Mare aten\u021bie, \u0219oferi! Restric\u021bii de circula\u021bie pe Autostrada A2, pe sensul Constan\u021ba-Bucure\u0219ti"},"content":{"rendered":"<p>Centrul Infotrafic al Poli\u0163iei Rom\u00e2ne a anun\u021bat c\u0103, \u00eencep\u00e2nd de luni, de la ora 11:00, p\u00e2n\u0103 \u00een 17 aprilie, se vor executa lucr\u0103ri de repara\u0163ii la rosturile de dilata\u0163ie pe autostrada A2, sensul Constan\u0163a-Bucure\u015fti, la kilometrul 160+200 de metri, \u00een zona localit\u0103\u0163ii Cernavod\u0103, jude\u0163ul Constan\u0163a.<\/p>\n<p>Potrivit reprezentan\u021bilor institu\u021biei, se impune <a href=\"https:\/\/www.realitatea.net\/stiri\/actual\/carambol-in-capitala-sase-vehicule-intre-care-si-un-microbuz-de-transport-persoane-sau-ciocnit-violent-patru-persoane-au-ajuns-la-spital_67d8332a9ace8e4e787b1502\" target=\"_blank\">restric\u0163ionarea circula\u0163iei <\/a>pe a doua band\u0103 \u015fi par\u0163ial pe banda nr. 1. Traficul rutier se desf\u0103\u015foar\u0103 cu vitez\u0103 redus\u0103 pe banda de urgen\u0163\u0103 \u015fi par\u0163ial pe prima band\u0103.<\/p>\n<p>\u00cen intervalul men\u021bionat anterior, \u0219oferii sunt sf\u0103tui\u0163i s\u0103 circule cu vitez\u0103 redus\u0103 \u00een zonele cu restric\u0163ii, s\u0103 respecte semnifica\u0163ia semnaliz\u0103rii temporare, asigur\u00e2ndu-se foarte bine \u00eenainte de schimbarea benzii de circula\u0163ie, semnaliz\u00e2nd din timp efectuarea acestei manevre.<\/p>","protected":false},"excerpt":{"rendered":"<p>Centrul Infotrafic al Poli\u0163iei Rom\u00e2ne a anun\u021bat c\u0103, \u00eencep\u00e2nd de luni, de la ora 11:00,&hellip;<\/p>\n","protected":false},"author":0,"featured_media":43991,"comment_status":"open","ping_status":"open","sticky":false,"template":"","format":"standard","meta":{"footnotes":""},"categories":[2],"tags":[],"class_list":["post-43990","post","type-post","status-publish","format-standard","has-post-thumbnail","hentry","category-actual"],"_links":{"self":[{"href":"https:\/\/247stiri.ro\/index.php\/wp-json\/wp\/v2\/posts\/43990","targetHints":{"allow":["GET"]}}],"collection":[{"href":"https:\/\/247stiri.ro\/index.php\/wp-json\/wp\/v2\/posts"}],"about":[{"href":"https:\/\/247stiri.ro\/index.php\/wp-json\/wp\/v2\/types\/post"}],"replies":[{"embeddable":true,"href":"https:\/\/247stiri.ro\/index.php\/wp-json\/wp\/v2\/comments?post=43990"}],"version-history":[{"count":0,"href":"https:\/\/247stiri.ro\/index.php\/wp-json\/wp\/v2\/posts\/43990\/revisions"}],"wp:featuredmedia":[{"embeddable":true,"href":"https:\/\/247stiri.ro\/index.php\/wp-json\/wp\/v2\/media\/43991"}],"wp:attachment":[{"href":"https:\/\/247stiri.ro\/index.php\/wp-json\/wp\/v2\/media?parent=43990"}],"wp:term":[{"taxonomy":"category","embeddable":true,"href":"https:\/\/247stiri.ro\/index.php\/wp-json\/wp\/v2\/categories?post=43990"},{"taxonomy":"post_tag","embeddable":true,"href":"https:\/\/247stiri.ro\/index.php\/wp-json\/wp\/v2\/tags?post=43990"}],"curies":[{"name":"wp","href":"https:\/\/api.w.org\/{rel}","templated":true}]}}