{"id":43993,"date":"2025-03-31T14:45:07","date_gmt":"2025-03-31T14:45:07","guid":{"rendered":"https:\/\/247stiri.ro\/index.php\/2025\/03\/31\/daniel-armeanu-vicepresedinte-asf-vizat-de-plangere-penala-pentru-hartuire-si-amenintare\/"},"modified":"2025-03-31T14:45:07","modified_gmt":"2025-03-31T14:45:07","slug":"daniel-armeanu-vicepresedinte-asf-vizat-de-plangere-penala-pentru-hartuire-si-amenintare","status":"publish","type":"post","link":"https:\/\/247stiri.ro\/index.php\/2025\/03\/31\/daniel-armeanu-vicepresedinte-asf-vizat-de-plangere-penala-pentru-hartuire-si-amenintare\/","title":{"rendered":"Daniel Armeanu, vicepre\u0219edinte ASF, vizat de pl\u00e2ngere penal\u0103 pentru h\u0103r\u021buire \u0219i amenin\u021bare"},"content":{"rendered":"<p>Comportamentul abuziv al unui vicepre\u0219edinte\u00a0<a href=\"https:\/\/oficiuldestiri.ro\/tun-in-asf-3-miliarde-de-euro-din-pensiile-private-ale-romanilor\">ASF<\/a>\u00a0\u00een raport cu un angajat al insitu\u021biei face obiectul unei investiga\u021bii demarat\u0103 de\u00a0<a href=\"https:\/\/www.mpublic.ro\/ro\/content\/pt-bucuresti\" target=\"_blank\">Parchetul de pe l\u00e2ng\u0103 Judec\u0103toria Sectorului 5<\/a>. Pe numele lui \u0218tefan Daniel Armeanu a fost \u00eenregistrat\u0103 o pl\u00e2ngere penal\u0103.\u00a0<a href=\"https:\/\/oficiuldestiri.ro\/city-insurance-ajutata-de-conducerea-asf-cum-a-intervenit-vicepresedintele-daniel-armeanu#google_vignette\">Daniel Armeanu<\/a>\u00a0este vicepre\u0219edinte la\u00a0 sectorul de pensii private din cadrul ASF.<\/p>\n<p>Daniel Armeanu, vicepre\u0219edinte ASF, vizat de pl\u00e2ngere penal\u0103<\/p>\n<p>Oficiul de stiri\u00a0a ob\u021binut, ast\u0103zi, informa\u021bii despre pl\u00e2ngerea penal\u0103 formulat\u0103, \u00een anul 2024, de c\u0103tre o salariat\u0103 a autorit\u0103\u021bii, care este \u0219i lider de sindicat \u00een cadrul ASF. Victima lui Daniel Armeanu a divulgat, public, nereguli din cadrul ASF. Aceasta a reclamat, printre altele, faptul ca vicepre\u0219edintele Daniel Armeanu a chemat-o \u00een biroul s\u0103u unde a amenin\u021bat-o \u0219i santajat-o, spun\u00e2ndu-i c\u0103, dac\u0103 nu va face \u00een activitatea sindical\u0103 ceea ce \u00eei solicit, o s\u0103 fie dat\u0103 afar\u0103 din ASF \u0219i c\u0103 nu va mai lucra vreodat\u0103 \u00een pia\u021ba financiar\u0103 din Rom\u00e2nia. Din informa\u021biile intrate \u00een posesia Oficiul de stiri reiese c\u0103 reclamanta a relatat, \u00een pl\u00e2ngerea penal\u0103 formulat\u0103 \u00eempotriva lui Daniel Armeanu,\u00a0 vicepre\u0219edinte ASF, cum acesta a devenit deosebit de agresiv \u0219i nu a lasat-o s\u0103 plece din biroul s\u0103u, de\u0219i angajata a vrut, \u00een repetate r\u00e2nduri, s\u0103 fac\u0103 acest lucru.<\/p>\n<p>H\u0103r\u021buire \u0219i amenin\u021bare\u00a0a unei salariate<\/p>\n<p>\u00cen cuprinsul pl\u00e2ngerii adresate Parchetului de pe l\u00e2ng\u0103 Judec\u0103toria Sectorului 5 este prezentat, pe larg, comportamentul lui Daniel Armeanu, care ar fi \u021bipat, \u00eenjurat, ar fi lovit cu pumnii \u00een mas\u0103 \u0219i ar fi aruncat cu scaunele, din cauz\u0103 c\u0103 salariata a refuzat, explicit, s\u0103 dea curs solicit\u0103rilor sale referitoare la activitatea sindical\u0103. Angajata a sesizat faptul ca vicepre\u0219edintele ASF i-a lasat impresia c\u0103 urmeaz\u0103 s\u0103 o loveasc\u0103, apropiindu-se \u00een mod agresiv de ea. \u00centreaga confruntare dintre cei doi s-a \u00eencheiat dup\u0103 ce salariata a c\u0103zut pe sc\u0103rile institu\u021biei.<\/p>\n<p>Poli\u021bia a demarat procedura de audiere a p\u0103r\u021bilor<\/p>\n<p>Contactat\u0103 telefonic, victima nu a dorit sa ofere informa\u021bii referitoare la acest subiect. Ea a declarat c\u0103 \u201eam f\u0103cut, \u00eentr-adev\u0103r, o pl\u00e2ngere penal\u0103, \u00eens\u0103 nu voi face preciz\u0103ri \u00een acest sens deoarece nu vreau sa interferez \u00een vreun fel cu activitatea organelor de cercetare abilitate.\u201d. \u201eChiar dac\u0103 sunt con\u0219tient\u0103 c\u0103 este vorba despre o persoan\u0103 foarte influent\u0103 \u0219i cu o puternic\u0103 sus\u021binere politic\u0103, sunt convins\u0103 c\u0103 se va face dreptate. A\u0219tept asta.\u201d, a precizat victima lui Daniel Armeanu, pentru Oficiul de stiri. \u00cen urma dosarului \u00eenregistrat la Parchetul de pe l\u00e2ng\u0103 Judec\u0103toria Sectorului 5, poli\u021bi\u0219tii au chemat la audieri cele do\u0103 p\u0103r\u021bi.<\/p>\n<p>Actuala conducere a ASF s-a remarcat printr-un comportament abuziv, \u00een raport cu unii salaria\u021bi<\/p>\n<p>\u00cempotriva lui Daniel Armeanu au fost depuse mai multe pl\u00e2ngeri penale, formulate de c\u0103tre salaria\u021bi ai ASF, ca urmare a abuzurilor \u0219i h\u0103r\u021buirii la locul de munc\u0103, la care vicepre\u0219edintele i-a supus.<\/p>\n<p>\u00cen articolele publicate anterior, am prezentat situa\u021bia unei subalterne a lui Daniel Armeanu care, urmare a ac\u021biunilor acestuia, a ajuns \u00een situa\u021bia regretabil\u0103 de a pierde o sarcin\u0103, din cauza stresului \u0219i a presiunilor constante la care aceasta a fost supus\u0103. Abuzurile la adresa acestei subalterne nu s-au oprit aici. Dup\u0103 ce a pierdut o prima sarcin\u0103, salariata a anun\u021bat, official, angajatorul, \u00een temeiul dispozi\u021biilor legale privind protec\u021bia maternit\u0103\u021bii la locul de munc\u0103, c\u0103 este din nou \u00eensarcinat\u0103, av\u00e2nd o sarcin\u0103 cu risc. La doar c\u00e2teva ore dup\u0103 ce a transmis aceast\u0103 informare angajatorului, salariata a fost anun\u021bat\u0103 c\u0103 este cercetat\u0103 disciplinar, ca urmare a unui referat de cercetare semnat de c\u0103tre vicepre\u0219edintele ASF, Daniel Armeanu. Un referat care ar fi fost \u00eentocmit pe baza unor documente false, elaborate cu concursul conducerii sectorului de pensii private \u0219i a serviciului resurse umane, inclusiv cu \u00eencalcarea procedurilor interne ale ASF.<\/p>\n<p>H\u0103r\u021buit\u0103 \u00een concediu maternal<\/p>\n<p>\u00cen urma cercet\u0103rii, angajata a fost \u0219i sanc\u021bionat\u0103 disciplinar, a\u0219a cum ar fi solicitat Daniel Armeanu, drept r\u0103zbunare c\u0103 salariata a refuzat s\u0103 fac\u0103 declara\u021bii \u00eempotriva colegului s\u0103u Catalin Ionescu, avertizor de integritate. De altfel, ulterior, ea a \u0219i declarat adevarul \u00een cercetarea disciplinar\u0103 a acestuia, contrar dorin\u021bei conducerii ASF. Tot din dorin\u021ba de r\u0103zbunare, persoane cu func\u021bii de conducere \u0219i coordonare la nivelul Sectorului Sistemului de Pensii Private, aflat \u00een grija domnului Daniel Armeanu, au continuat s\u0103 har\u021buiasc\u0103 salariata, chiar \u0219i dup\u0103 finalizarea cercet\u0103rii disciplinare, inclusiv dup\u0103 ce aceasta a intrat \u00een concediu maternal.<\/p>\n<p>Avem de-a face cu un nou caz \u201eBulai\u201d \u00een cadrul ASF?<\/p>\n<p>Daniel Armeanu, vicepre\u0219edinte ASF, vizat de pl\u00e2ngere penal\u0103. Din informa\u021biile pe care le de\u021binem, aceste aspecte sunt cunoscute de catre unii membri ai Consiliului ASF, care nu au luat nicio m\u0103sura \u00een acest sens, p\u00e2na \u00een acest moment.<\/p>\n<p>\u00cen \u00eencercarea de a afla detalii despre sechestrarea salariatei \u00een biroul vicepre\u0219edintelui Sectorului Sisremului de Pensii private, persoane din cadrul autorit\u0103\u021bii au relatat, pentru Oficiul de stiri, faptul c\u0103 biroul lui Daniel Armeanu beneficiaz\u0103 de o u\u0219\u0103 care se poate \u00eenchide \u0219i deschide doar prin intermediul unui buton aflat sub biroul s\u0103u.<\/p>\n<p>\u00cen acest context, Oficiul de \u0219tiri a adresat un set de \u00eentreb\u0103ri lui Daniel Armeanu, vicepre\u0219edinte ASF, legate despre aceste cazuri de h\u0103r\u021buire ale angajatelor\/studentelor sale, precum si despre rela\u021bia sa cu vicepremierul Rom\u00e2niei, Marian Neac\u0219u.<\/p>\n<p>\u00cen materialul viitor vom publica \u00eentreb\u0103rile adresate domnului vicepre\u0219edinte ASF Daniel Armeanu, precum \u0219i r\u0103spunsurile acestuia.<\/p>","protected":false},"excerpt":{"rendered":"<p>Comportamentul abuziv al unui vicepre\u0219edinte\u00a0ASF\u00a0\u00een raport cu un angajat al insitu\u021biei face obiectul unei investiga\u021bii&hellip;<\/p>\n","protected":false},"author":0,"featured_media":43994,"comment_status":"open","ping_status":"open","sticky":false,"template":"","format":"standard","meta":{"footnotes":""},"categories":[2],"tags":[],"class_list":["post-43993","post","type-post","status-publish","format-standard","has-post-thumbnail","hentry","category-actual"],"_links":{"self":[{"href":"https:\/\/247stiri.ro\/index.php\/wp-json\/wp\/v2\/posts\/43993","targetHints":{"allow":["GET"]}}],"collection":[{"href":"https:\/\/247stiri.ro\/index.php\/wp-json\/wp\/v2\/posts"}],"about":[{"href":"https:\/\/247stiri.ro\/index.php\/wp-json\/wp\/v2\/types\/post"}],"replies":[{"embeddable":true,"href":"https:\/\/247stiri.ro\/index.php\/wp-json\/wp\/v2\/comments?post=43993"}],"version-history":[{"count":0,"href":"https:\/\/247stiri.ro\/index.php\/wp-json\/wp\/v2\/posts\/43993\/revisions"}],"wp:featuredmedia":[{"embeddable":true,"href":"https:\/\/247stiri.ro\/index.php\/wp-json\/wp\/v2\/media\/43994"}],"wp:attachment":[{"href":"https:\/\/247stiri.ro\/index.php\/wp-json\/wp\/v2\/media?parent=43993"}],"wp:term":[{"taxonomy":"category","embeddable":true,"href":"https:\/\/247stiri.ro\/index.php\/wp-json\/wp\/v2\/categories?post=43993"},{"taxonomy":"post_tag","embeddable":true,"href":"https:\/\/247stiri.ro\/index.php\/wp-json\/wp\/v2\/tags?post=43993"}],"curies":[{"name":"wp","href":"https:\/\/api.w.org\/{rel}","templated":true}]}}