{"id":43995,"date":"2025-03-31T14:45:07","date_gmt":"2025-03-31T14:45:07","guid":{"rendered":"https:\/\/247stiri.ro\/index.php\/2025\/03\/31\/ponta-si-a-tras-casa-langa-cel-mai-mare-teren-de-golf-din-tara-suveranistul-vopsit-se-spala-pe-maini-nu-e-casa-mea-ci-a-firmei-mele\/"},"modified":"2025-03-31T14:45:07","modified_gmt":"2025-03-31T14:45:07","slug":"ponta-si-a-tras-casa-langa-cel-mai-mare-teren-de-golf-din-tara-suveranistul-vopsit-se-spala-pe-maini-nu-e-casa-mea-ci-a-firmei-mele","status":"publish","type":"post","link":"https:\/\/247stiri.ro\/index.php\/2025\/03\/31\/ponta-si-a-tras-casa-langa-cel-mai-mare-teren-de-golf-din-tara-suveranistul-vopsit-se-spala-pe-maini-nu-e-casa-mea-ci-a-firmei-mele\/","title":{"rendered":"Ponta \u0219i-a tras cas\u0103 l\u00e2ng\u0103 cel mai mare teren de golf din \u021bar\u0103. Suveranistul vopsit se spal\u0103 pe m\u00e2ini: \u201dNu e casa mea, ci a firmei mele\u201d"},"content":{"rendered":"<p>Terenul de Golf se afl\u0103 \u00een D\u00e2mbovi\u021ba \u0219i apar\u021bine unor oameni de afaceri turci care au investit suma de 60 de milioane de euro, iar conform unor surse Realitatea PLUS, <a href=\"https:\/\/www.realitatea.net\/stiri\/politica\/nicusor-somat-de-simion-sa-publice-numele-finantatorilor-din-campanie_67ea73af427a29677d2ef0d2\" target=\"_blank\">Victor Ponta<\/a> de\u021bine o vil\u0103 de lux de c\u00e2teva sute de metrii p\u0103tra\u021bi chiar l\u00e2ng\u0103 complexul imobiliar din vecin\u0103tate.<\/p>\n<p>Acelea\u0219i surse spun c\u0103 fostul premier al Rom\u00e2niei ar avea leg\u0103turi cu proprietarii terenului de golf. \u00cen luna septembrie, suveranistul vopsit a participat la un turneu de golf organizat pe terenul de l\u00e2ng\u0103 vila sa de lux, al\u0103turi de Marina Panadrof, cunoscut\u0103 drept \u201dBlonda lui Coldea\u201d, iar dovad\u0103 sunt mai multe imagini care au ap\u0103rut la vremea respectiv\u0103 \u00een spa\u021biul public.\u00a0<\/p>\n<p>De asemenea, \u00een perioada \u00een care Victor Ponta a disp\u0103rut de pe scena politic\u0103 a condus o firm\u0103 de consultan\u021b\u0103 care a oferit servicii mai multor oameni de afaceri din Turcia, Serbia \u0219i din Albania.\u00a0<\/p>","protected":false},"excerpt":{"rendered":"<p>Terenul de Golf se afl\u0103 \u00een D\u00e2mbovi\u021ba \u0219i apar\u021bine unor oameni de afaceri turci care&hellip;<\/p>\n","protected":false},"author":0,"featured_media":43986,"comment_status":"open","ping_status":"open","sticky":false,"template":"","format":"standard","meta":{"footnotes":""},"categories":[2],"tags":[],"class_list":["post-43995","post","type-post","status-publish","format-standard","has-post-thumbnail","hentry","category-actual"],"_links":{"self":[{"href":"https:\/\/247stiri.ro\/index.php\/wp-json\/wp\/v2\/posts\/43995","targetHints":{"allow":["GET"]}}],"collection":[{"href":"https:\/\/247stiri.ro\/index.php\/wp-json\/wp\/v2\/posts"}],"about":[{"href":"https:\/\/247stiri.ro\/index.php\/wp-json\/wp\/v2\/types\/post"}],"replies":[{"embeddable":true,"href":"https:\/\/247stiri.ro\/index.php\/wp-json\/wp\/v2\/comments?post=43995"}],"version-history":[{"count":0,"href":"https:\/\/247stiri.ro\/index.php\/wp-json\/wp\/v2\/posts\/43995\/revisions"}],"wp:featuredmedia":[{"embeddable":true,"href":"https:\/\/247stiri.ro\/index.php\/wp-json\/wp\/v2\/media\/43986"}],"wp:attachment":[{"href":"https:\/\/247stiri.ro\/index.php\/wp-json\/wp\/v2\/media?parent=43995"}],"wp:term":[{"taxonomy":"category","embeddable":true,"href":"https:\/\/247stiri.ro\/index.php\/wp-json\/wp\/v2\/categories?post=43995"},{"taxonomy":"post_tag","embeddable":true,"href":"https:\/\/247stiri.ro\/index.php\/wp-json\/wp\/v2\/tags?post=43995"}],"curies":[{"name":"wp","href":"https:\/\/api.w.org\/{rel}","templated":true}]}}