{"id":44005,"date":"2025-03-31T15:44:58","date_gmt":"2025-03-31T15:44:58","guid":{"rendered":"https:\/\/247stiri.ro\/index.php\/2025\/03\/31\/sebastian-burduja-a-scapat-de-data-asta-senatul-a-respins-motiunea-simpla-impotriva-ministrului-energiei\/"},"modified":"2025-03-31T15:44:58","modified_gmt":"2025-03-31T15:44:58","slug":"sebastian-burduja-a-scapat-de-data-asta-senatul-a-respins-motiunea-simpla-impotriva-ministrului-energiei","status":"publish","type":"post","link":"https:\/\/247stiri.ro\/index.php\/2025\/03\/31\/sebastian-burduja-a-scapat-de-data-asta-senatul-a-respins-motiunea-simpla-impotriva-ministrului-energiei\/","title":{"rendered":"Sebastian Burduja a sc\u0103pat, de data asta! Senatul a respins mo\u0163iunea simpl\u0103 \u00eempotriva ministrului Energiei"},"content":{"rendered":"<p>Senatul a votat \u00eempotriva mo\u0163iunii simple a grupului AUR, intitulat\u0103 \u201dMinistrul Energiei &#8211; un lider f\u0103r\u0103 direc\u0163ie, \u00eentre promisiuni verzi \u015fi realit\u0103\u0163i\u201d. Din totalul de 120 de senatori prezen\u0163i, 54 au votat \u201dpentru\u201d \u015fi 66 de senatori au votat \u201d\u00eempotriv\u0103\u201d.<\/p>\n<p>Ministrul le-a r\u0103spuns celor care l-au criticat, ar\u0103t\u00e2nd c\u0103 mo\u0163iunea este un exerci\u0163iu democratic.<\/p>\n<p>El a precizat c\u0103 a f\u0103cut apel la m\u0103sur\u0103 \u00een cadrul dezbaterilor, dar nu s-a g\u00e2ndit c\u0103 pot exista \u201dvoci \u00een Senatul Rom\u00e2niei care s\u0103 mint\u0103 rom\u00e2nii cu at\u00e2ta senin\u0103tate\u201d.<\/p>\n<p>\u201dVorbi\u0163i cu maxim\u0103 iresponsabilitate de o criz\u0103 a sectorului energetic, ast\u0103 var\u0103, ast\u0103 iarn\u0103, spunea un caniddat la pre\u015fedin\u0163ie c\u0103 domnule, sunt depozitele f\u0103r\u0103 gaze, r\u0103m\u00e2n oamenii f\u0103r\u0103 gaz \u015fi e frig, e iarn\u0103. Am terminat sezonul rece cu 30% \u015fi ceva grad de umplere\u201d, a mai spus Burduja.<\/p>","protected":false},"excerpt":{"rendered":"<p>Senatul a votat \u00eempotriva mo\u0163iunii simple a grupului AUR, intitulat\u0103 \u201dMinistrul Energiei &#8211; un lider&hellip;<\/p>\n","protected":false},"author":0,"featured_media":43999,"comment_status":"open","ping_status":"open","sticky":false,"template":"","format":"standard","meta":{"footnotes":""},"categories":[2],"tags":[],"class_list":["post-44005","post","type-post","status-publish","format-standard","has-post-thumbnail","hentry","category-actual"],"_links":{"self":[{"href":"https:\/\/247stiri.ro\/index.php\/wp-json\/wp\/v2\/posts\/44005","targetHints":{"allow":["GET"]}}],"collection":[{"href":"https:\/\/247stiri.ro\/index.php\/wp-json\/wp\/v2\/posts"}],"about":[{"href":"https:\/\/247stiri.ro\/index.php\/wp-json\/wp\/v2\/types\/post"}],"replies":[{"embeddable":true,"href":"https:\/\/247stiri.ro\/index.php\/wp-json\/wp\/v2\/comments?post=44005"}],"version-history":[{"count":0,"href":"https:\/\/247stiri.ro\/index.php\/wp-json\/wp\/v2\/posts\/44005\/revisions"}],"wp:featuredmedia":[{"embeddable":true,"href":"https:\/\/247stiri.ro\/index.php\/wp-json\/wp\/v2\/media\/43999"}],"wp:attachment":[{"href":"https:\/\/247stiri.ro\/index.php\/wp-json\/wp\/v2\/media?parent=44005"}],"wp:term":[{"taxonomy":"category","embeddable":true,"href":"https:\/\/247stiri.ro\/index.php\/wp-json\/wp\/v2\/categories?post=44005"},{"taxonomy":"post_tag","embeddable":true,"href":"https:\/\/247stiri.ro\/index.php\/wp-json\/wp\/v2\/tags?post=44005"}],"curies":[{"name":"wp","href":"https:\/\/api.w.org\/{rel}","templated":true}]}}