{"id":44029,"date":"2025-03-31T17:46:03","date_gmt":"2025-03-31T17:46:03","guid":{"rendered":"https:\/\/247stiri.ro\/index.php\/2025\/03\/31\/marius-budai-prima-reactie-dupa-ce-a-ajuns-de-urgenta-la-spital-fostul-ministru-al-muncii-a-suferit-un-avc-acum-sunt-bine\/"},"modified":"2025-03-31T17:46:03","modified_gmt":"2025-03-31T17:46:03","slug":"marius-budai-prima-reactie-dupa-ce-a-ajuns-de-urgenta-la-spital-fostul-ministru-al-muncii-a-suferit-un-avc-acum-sunt-bine","status":"publish","type":"post","link":"https:\/\/247stiri.ro\/index.php\/2025\/03\/31\/marius-budai-prima-reactie-dupa-ce-a-ajuns-de-urgenta-la-spital-fostul-ministru-al-muncii-a-suferit-un-avc-acum-sunt-bine\/","title":{"rendered":"Marius Bud\u0103i, prima reac\u021bie dup\u0103 ce a ajuns de urgen\u021b\u0103 la spital. Fostul ministru al Muncii a suferit un AVC: \u201dAcum sunt bine\u201d"},"content":{"rendered":"<p><a href=\"https:\/\/www.realitatea.net\/stiri\/actual\/ultima-ora-marius-budai-internat-de-urgenta-la-spital-i-sa-facut-rau-la-volan_67ea94c7ae985b6cbd471602\" target=\"_blank\">Fostul ministrul al Muncii,<\/a> Marius Bud\u0103i, a ajuns luni, la Spitalul de Neurochirurgie din Ia\u0219i, dup\u0103 ce i s-a f\u0103cut r\u0103u la volan.\u00a0<\/p>\n<p>Oficialul se deplasa spre Capital\u0103 \u00een momentul \u00een care, pe raza localit\u0103\u021bii H\u00eerl\u0103u, a \u00eenceput s\u0103 acuze st\u0103ri de r\u0103u motiv pentru care a mers de urgen\u021b\u0103 la spitalul din localitate.<\/p>\n<p>Dup\u0103 ce a fost supus unui control am\u0103nun\u021bit, medicii din H\u00eerl\u0103u decis s\u0103 \u00eel direc\u021bioneze pe deputat c\u0103tre Clinica de Neurochirurgie din Ia\u0219i unde a fost supus altor examin\u0103ri am\u0103nun\u021bite, at\u00e2t la computer tomograf, c\u00e2t \u0219i RMN.\u00a0<\/p>\n<p>Speciali\u0219tii spun c\u0103 cel mai probabil pe fondul oboselii \u0219i al stresului, artizanul Legii Pensiilor a suferit un AVC minor.\u00a0<\/p>\n<p>Contactat de jurnali\u0219tii Realitatea PLUS, fostul ministru al Muncii a spus c\u0103 \u201dacum sunt bine\u201d.\u00a0<\/p>\n<p>\u00cen acest moment, Marius Bud\u0103i se afl\u0103 \u00een continuare sub supravegherea medicilor \u0219i va mai r\u0103m\u00e2ne internat \u00een spital, \u00eens\u0103 starea sa de s\u0103n\u0103tate este una stabil\u0103.\u00a0<\/p>","protected":false},"excerpt":{"rendered":"<p>Fostul ministrul al Muncii, Marius Bud\u0103i, a ajuns luni, la Spitalul de Neurochirurgie din Ia\u0219i,&hellip;<\/p>\n","protected":false},"author":0,"featured_media":44028,"comment_status":"open","ping_status":"open","sticky":false,"template":"","format":"standard","meta":{"footnotes":""},"categories":[2],"tags":[],"class_list":["post-44029","post","type-post","status-publish","format-standard","has-post-thumbnail","hentry","category-actual"],"_links":{"self":[{"href":"https:\/\/247stiri.ro\/index.php\/wp-json\/wp\/v2\/posts\/44029","targetHints":{"allow":["GET"]}}],"collection":[{"href":"https:\/\/247stiri.ro\/index.php\/wp-json\/wp\/v2\/posts"}],"about":[{"href":"https:\/\/247stiri.ro\/index.php\/wp-json\/wp\/v2\/types\/post"}],"replies":[{"embeddable":true,"href":"https:\/\/247stiri.ro\/index.php\/wp-json\/wp\/v2\/comments?post=44029"}],"version-history":[{"count":0,"href":"https:\/\/247stiri.ro\/index.php\/wp-json\/wp\/v2\/posts\/44029\/revisions"}],"wp:featuredmedia":[{"embeddable":true,"href":"https:\/\/247stiri.ro\/index.php\/wp-json\/wp\/v2\/media\/44028"}],"wp:attachment":[{"href":"https:\/\/247stiri.ro\/index.php\/wp-json\/wp\/v2\/media?parent=44029"}],"wp:term":[{"taxonomy":"category","embeddable":true,"href":"https:\/\/247stiri.ro\/index.php\/wp-json\/wp\/v2\/categories?post=44029"},{"taxonomy":"post_tag","embeddable":true,"href":"https:\/\/247stiri.ro\/index.php\/wp-json\/wp\/v2\/tags?post=44029"}],"curies":[{"name":"wp","href":"https:\/\/api.w.org\/{rel}","templated":true}]}}