{"id":44050,"date":"2025-03-31T19:45:10","date_gmt":"2025-03-31T19:45:10","guid":{"rendered":"https:\/\/247stiri.ro\/index.php\/2025\/03\/31\/crin-antonescu-atac-dur-la-adresa-suveranistului-vopsit-problema-cu-ponta-nu-este-ca-e-tradator-ci-ca-e-travestit\/"},"modified":"2025-03-31T19:45:10","modified_gmt":"2025-03-31T19:45:10","slug":"crin-antonescu-atac-dur-la-adresa-suveranistului-vopsit-problema-cu-ponta-nu-este-ca-e-tradator-ci-ca-e-travestit","status":"publish","type":"post","link":"https:\/\/247stiri.ro\/index.php\/2025\/03\/31\/crin-antonescu-atac-dur-la-adresa-suveranistului-vopsit-problema-cu-ponta-nu-este-ca-e-tradator-ci-ca-e-travestit\/","title":{"rendered":"Crin Antonescu, atac dur la adresa suveranistului vopsit: \u201dProblema cu Ponta nu este c\u0103 e tr\u0103d\u0103tor, ci c\u0103 e travestit\u201d"},"content":{"rendered":"<p>\u201dTr\u0103d\u0103torul nu e mare, dar e tr\u0103d\u0103tor. <a href=\"https:\/\/www.realitatea.net\/stiri\/actual\/ponta-sia-tras-casa-langa-cel-mai-mare-teren-de-golf-din-tara-suveranistul-vopsit-se-spala-pe-maini-nu-e-casa-mea-ci-a-firmei-mele_67ea9cfe38bd094354615102\" target=\"_blank\">Victor Ponta.<\/a> By the way, marea problem\u0103 cu Victor Ponta nu e c\u0103-i tr\u0103d\u0103tor, ci c\u0103-i travestit\u201d, a declarat Crin Antonescu, la un post de televiziune, potrivit <a href=\"https:\/\/www.news.ro\/politic-intern\/antonescu-problema-cu-ponta-nu-este-ca-e-tradator-ci-ca-e-travestit-traian-basescu-a-fost-un-mare-impostor-1922404131002025032121985917\" target=\"_blank\">News.ro.\u00a0<\/a><\/p>\n<p>Candidatul coali\u021biei PSD-PNL-UDMR la alegerile preziden\u021biale, care vor avea loc \u00een luna mai, a explicat c\u0103 se refer\u0103 strict la politic\u0103.\u00a0<\/p>\n<p>Totodat\u0103, Crin Antonescu a subliniat c\u0103 politicienii care i-au fost aproape de-a lungul timpului sunt Stelian T\u0103nase, Dinu Patriciu \u0219i Eduard Hellvig, iar \u00een ultimii ani, cel mai apropiat om politic i-a fost so\u021bia sa, Adina V\u0103lean.<\/p>\n<p>C\u00e2t despre adversarii s\u0103i politici, candidatul coali\u021biei guvernamentale la pre\u0219edin\u021bia Rom\u00e2niei a spus: \u201dPentru mine au fost adversari Ion Iliescu, Adrian N\u0103stase, Traian B\u0103sescu. Traian B\u0103sescu are \u00een sufletul meu politic un loc special pentru c\u0103, spre deosebire de ceilal\u0163i doi, a fost un mare impostor. Impostor \u00een dou\u0103 chestiuni. Chestiunea dreptei &#8211; \u015fi asta evident c\u0103 pentru mine \u00eensemna mai mult, adic\u0103 du\u015fm\u0103nie, nu \u00eei putem spune, dar rivalitate, conflict politic \u015fi chestiunea statului de drept\u201d.\u00a0<\/p>","protected":false},"excerpt":{"rendered":"<p>\u201dTr\u0103d\u0103torul nu e mare, dar e tr\u0103d\u0103tor. Victor Ponta. By the way, marea problem\u0103 cu&hellip;<\/p>\n","protected":false},"author":0,"featured_media":44044,"comment_status":"open","ping_status":"open","sticky":false,"template":"","format":"standard","meta":{"footnotes":""},"categories":[2],"tags":[],"class_list":["post-44050","post","type-post","status-publish","format-standard","has-post-thumbnail","hentry","category-actual"],"_links":{"self":[{"href":"https:\/\/247stiri.ro\/index.php\/wp-json\/wp\/v2\/posts\/44050","targetHints":{"allow":["GET"]}}],"collection":[{"href":"https:\/\/247stiri.ro\/index.php\/wp-json\/wp\/v2\/posts"}],"about":[{"href":"https:\/\/247stiri.ro\/index.php\/wp-json\/wp\/v2\/types\/post"}],"replies":[{"embeddable":true,"href":"https:\/\/247stiri.ro\/index.php\/wp-json\/wp\/v2\/comments?post=44050"}],"version-history":[{"count":0,"href":"https:\/\/247stiri.ro\/index.php\/wp-json\/wp\/v2\/posts\/44050\/revisions"}],"wp:featuredmedia":[{"embeddable":true,"href":"https:\/\/247stiri.ro\/index.php\/wp-json\/wp\/v2\/media\/44044"}],"wp:attachment":[{"href":"https:\/\/247stiri.ro\/index.php\/wp-json\/wp\/v2\/media?parent=44050"}],"wp:term":[{"taxonomy":"category","embeddable":true,"href":"https:\/\/247stiri.ro\/index.php\/wp-json\/wp\/v2\/categories?post=44050"},{"taxonomy":"post_tag","embeddable":true,"href":"https:\/\/247stiri.ro\/index.php\/wp-json\/wp\/v2\/tags?post=44050"}],"curies":[{"name":"wp","href":"https:\/\/api.w.org\/{rel}","templated":true}]}}