{"id":44059,"date":"2025-03-31T20:44:48","date_gmt":"2025-03-31T20:44:48","guid":{"rendered":"https:\/\/247stiri.ro\/index.php\/2025\/03\/31\/un-barbat-a-amenintat-pe-facebook-ca-se-sinucide-politia-a-intervenit-la-timp-video\/"},"modified":"2025-03-31T20:44:48","modified_gmt":"2025-03-31T20:44:48","slug":"un-barbat-a-amenintat-pe-facebook-ca-se-sinucide-politia-a-intervenit-la-timp-video","status":"publish","type":"post","link":"https:\/\/247stiri.ro\/index.php\/2025\/03\/31\/un-barbat-a-amenintat-pe-facebook-ca-se-sinucide-politia-a-intervenit-la-timp-video\/","title":{"rendered":"Un b\u0103rbat a amenin\u021bat pe Facebook c\u0103 se sinucide. Poli\u021bia a intervenit la timp VIDEO"},"content":{"rendered":"<p>,Ast\u0103zi, 31 martie 2025, poli\u021bi\u0219ti din cadrul Direc\u021biei Generale de Poli\u021bie a Municipiului Bucure\u0219ti- Sec\u021bia 19 Poli\u021bie au fost sesiza\u021bi cu privire la faptul c\u0103 pe o re\u021bea de socializare, un utilizator ar fi urcat un videoclip \u00een care men\u021bioneaz\u0103 c\u0103 inten\u021bioneaz\u0103 s\u0103 recurg\u0103 la un gest extrem asupra propriei persoane\u201d, transmite sursa citat\u0103.<\/p>\n<p>Poli\u021bi\u0219tii din cadrul subunit\u0103\u021bii au demarat verific\u0103rile \u00een vederea identific\u0103rii \u0219i depist\u0103rii b\u0103rbatului \u00een cauz\u0103, pentru a-l \u00eempiedica s\u0103 recurg\u0103 la gestul de a-\u0219i face r\u0103u, se arat\u0103 \u00een comunicatul institu\u021biei. La scurt timp, a fost identificat un b\u0103rbat, \u00een v\u00e2rst\u0103 de 42 de ani, care a fost depistat de poli\u021bi\u0219ti la adresa sa.<\/p>\n<p>La momentul sosirii poli\u021biei, b\u0103rbatul nu avea v\u0103t\u0103m\u0103ri \u0219i nu prezenta leziuni. El a fost dus la sec\u021bia de poli\u021bie \u0219i, ulterior, internat \u00eentr-o unitate medical\u0103 pentru \u00eengrijiri speciale.<\/p>","protected":false},"excerpt":{"rendered":"<p>,Ast\u0103zi, 31 martie 2025, poli\u021bi\u0219ti din cadrul Direc\u021biei Generale de Poli\u021bie a Municipiului Bucure\u0219ti- Sec\u021bia&hellip;<\/p>\n","protected":false},"author":0,"featured_media":44060,"comment_status":"open","ping_status":"open","sticky":false,"template":"","format":"standard","meta":{"footnotes":""},"categories":[2],"tags":[],"class_list":["post-44059","post","type-post","status-publish","format-standard","has-post-thumbnail","hentry","category-actual"],"_links":{"self":[{"href":"https:\/\/247stiri.ro\/index.php\/wp-json\/wp\/v2\/posts\/44059","targetHints":{"allow":["GET"]}}],"collection":[{"href":"https:\/\/247stiri.ro\/index.php\/wp-json\/wp\/v2\/posts"}],"about":[{"href":"https:\/\/247stiri.ro\/index.php\/wp-json\/wp\/v2\/types\/post"}],"replies":[{"embeddable":true,"href":"https:\/\/247stiri.ro\/index.php\/wp-json\/wp\/v2\/comments?post=44059"}],"version-history":[{"count":0,"href":"https:\/\/247stiri.ro\/index.php\/wp-json\/wp\/v2\/posts\/44059\/revisions"}],"wp:featuredmedia":[{"embeddable":true,"href":"https:\/\/247stiri.ro\/index.php\/wp-json\/wp\/v2\/media\/44060"}],"wp:attachment":[{"href":"https:\/\/247stiri.ro\/index.php\/wp-json\/wp\/v2\/media?parent=44059"}],"wp:term":[{"taxonomy":"category","embeddable":true,"href":"https:\/\/247stiri.ro\/index.php\/wp-json\/wp\/v2\/categories?post=44059"},{"taxonomy":"post_tag","embeddable":true,"href":"https:\/\/247stiri.ro\/index.php\/wp-json\/wp\/v2\/tags?post=44059"}],"curies":[{"name":"wp","href":"https:\/\/api.w.org\/{rel}","templated":true}]}}