{"id":44089,"date":"2025-04-01T05:44:48","date_gmt":"2025-04-01T05:44:48","guid":{"rendered":"https:\/\/247stiri.ro\/index.php\/2025\/04\/01\/interviu-incendiar-al-lui-george-simion-pentru-washington-times-procurorii-si-politistii-folositi-de-guvern-pentru-a-reduce-la-tacere-opozitia-si-vocea-poporului\/"},"modified":"2025-04-01T05:44:48","modified_gmt":"2025-04-01T05:44:48","slug":"interviu-incendiar-al-lui-george-simion-pentru-washington-times-procurorii-si-politistii-folositi-de-guvern-pentru-a-reduce-la-tacere-opozitia-si-vocea-poporului","status":"publish","type":"post","link":"https:\/\/247stiri.ro\/index.php\/2025\/04\/01\/interviu-incendiar-al-lui-george-simion-pentru-washington-times-procurorii-si-politistii-folositi-de-guvern-pentru-a-reduce-la-tacere-opozitia-si-vocea-poporului\/","title":{"rendered":"Interviu incendiar al lui George Simion pentru Washington Times: Procurorii \u0219i poli\u021bi\u0219tii, folosi\u021bi de Guvern pentru a reduce la t\u0103cere opozi\u021bia \u0219i vocea poporului"},"content":{"rendered":"<p>&#8222;Noi ne temem c\u0103 procurorii \u0219i poli\u021bi\u0219tii sunt folosi\u021bi de Guvern pentru a reduce opozi\u021bia la t\u0103cere \u0219i pentru a reduce la t\u0103cere \u0219i vocea poporului rom\u00e2n.\u00a0<\/p>\n<p>Ei se vor folosi de orice oportunitate, de la re\u021belele de socializare, la procurori, chiar \u0219i poli\u021bia. Ei vor \u00eencerca s\u0103 ne dezbine pentru a \u00eenchide gura poporului rom\u00e2n. Se tem c\u0103 pentru prima dat\u0103 dup\u0103 35 de ani, dup\u0103 revolu\u021bia din 1989, ei vor avea pe cineva \u00een biroul preziden\u021bial care nu va r\u0103spunde ordinelor lor. Vorbesc despre statul paralel din Rom\u00e2nia, despre birocra\u021bii neale\u0219i din Bruxelles, care vor s\u0103 se amestece \u00een alegerile din Rom\u00e2nia.<\/p>\n<p>Scopul nostru este de a readuce bunul sim\u021b, de a restabili normalitatea \u0219i democra\u021bia \u00een Rom\u00e2nia&#8221;, a declarat Simion.<\/p>","protected":false},"excerpt":{"rendered":"<p>&#8222;Noi ne temem c\u0103 procurorii \u0219i poli\u021bi\u0219tii sunt folosi\u021bi de Guvern pentru a reduce opozi\u021bia&hellip;<\/p>\n","protected":false},"author":0,"featured_media":44090,"comment_status":"open","ping_status":"open","sticky":false,"template":"","format":"standard","meta":{"footnotes":""},"categories":[3],"tags":[],"class_list":["post-44089","post","type-post","status-publish","format-standard","has-post-thumbnail","hentry","category-politica"],"_links":{"self":[{"href":"https:\/\/247stiri.ro\/index.php\/wp-json\/wp\/v2\/posts\/44089","targetHints":{"allow":["GET"]}}],"collection":[{"href":"https:\/\/247stiri.ro\/index.php\/wp-json\/wp\/v2\/posts"}],"about":[{"href":"https:\/\/247stiri.ro\/index.php\/wp-json\/wp\/v2\/types\/post"}],"replies":[{"embeddable":true,"href":"https:\/\/247stiri.ro\/index.php\/wp-json\/wp\/v2\/comments?post=44089"}],"version-history":[{"count":0,"href":"https:\/\/247stiri.ro\/index.php\/wp-json\/wp\/v2\/posts\/44089\/revisions"}],"wp:featuredmedia":[{"embeddable":true,"href":"https:\/\/247stiri.ro\/index.php\/wp-json\/wp\/v2\/media\/44090"}],"wp:attachment":[{"href":"https:\/\/247stiri.ro\/index.php\/wp-json\/wp\/v2\/media?parent=44089"}],"wp:term":[{"taxonomy":"category","embeddable":true,"href":"https:\/\/247stiri.ro\/index.php\/wp-json\/wp\/v2\/categories?post=44089"},{"taxonomy":"post_tag","embeddable":true,"href":"https:\/\/247stiri.ro\/index.php\/wp-json\/wp\/v2\/tags?post=44089"}],"curies":[{"name":"wp","href":"https:\/\/api.w.org\/{rel}","templated":true}]}}