{"id":44091,"date":"2025-04-01T05:44:49","date_gmt":"2025-04-01T05:44:49","guid":{"rendered":"https:\/\/247stiri.ro\/index.php\/2025\/04\/01\/aroganta-maxima-lasconi-i-ar-pune-conditii-lui-bolojan-daca-ar-castiga-prezidentialele-ar-trebui-sa-cada-si-niste-capete\/"},"modified":"2025-04-01T05:44:49","modified_gmt":"2025-04-01T05:44:49","slug":"aroganta-maxima-lasconi-i-ar-pune-conditii-lui-bolojan-daca-ar-castiga-prezidentialele-ar-trebui-sa-cada-si-niste-capete","status":"publish","type":"post","link":"https:\/\/247stiri.ro\/index.php\/2025\/04\/01\/aroganta-maxima-lasconi-i-ar-pune-conditii-lui-bolojan-daca-ar-castiga-prezidentialele-ar-trebui-sa-cada-si-niste-capete\/","title":{"rendered":"Arogan\u021b\u0103 maxim\u0103! Lasconi i-ar pune condi\u021bii lui Bolojan, dac\u0103 ar c\u00e2\u0219tiga preziden\u021bialele: Ar trebui s\u0103 cad\u0103 \u0219i ni\u0219te capete"},"content":{"rendered":"<p>Lasconi: A\u0219 propune un premier care poate sa imi demonstreze c\u0103 \u00eemi poate face o majoritate.<\/p>\n<p>Moderator: Bun, pai atunci daca ai fi pre\u0219edinte pe cine ai pune premier?<\/p>\n<p>Lasconi: Pe dl Bolojan am zis.<\/p>\n<p>Moderator: Dar el e de la PNL, daca nu o sa aiba cum pentru ca nu intrunesc suficiente voturi cum poti sa-l pui?<\/p>\n<p>Lasconi: O s\u0103 vedem.<\/p>\n<p>Moderator: De exemplu, l-ai pune pe dl Ciolacu?<\/p>\n<p>Lasconi: Nu l-as pune din pix, iar dl Ciolacu pentru mine \u00eenseamn\u0103 PSD. Eu, de la 18 ani, de la Revolu\u021bie nu am votat PSD.<\/p>\n<p>100% as putea sa lucrez &#8211; daca am avea acest scenariu negru &#8211; as putea sa lucrez si cu un premier care sa fie de la PSD. As putea sa lucrez, pentru ca pot sa lucrez cu absolut oricine, dar ideal ar fi &#8211; ca sa putem sa scadem taxele &#8211; sa avem un guvern de dreapta.<\/p>\n<p>Cand am candidat la prim\u0103rie nu exista USR. Nu aveam de la ce sa pornesc, c\u0103 nu exista. Si in primul mandat am castigat cu 57% si in al doilea cu 70%. Conteaz\u0103 faptele, nu conteaza ce vorbesti.\u00a0 Oamenii sunt inteligenti, vad asta. E adev\u0103rat ca eu am valori de dreapta, dar sunt sigur\u0103 c\u0103 sunt foarte multi oameni si din cel\u0103lalt spectru, adica si din partea socialilistilor, si din partea liberalilor dezamagiti de ceea ce au facut liberalii in ultima perioada, ca au gresit de doua ori prin alianta cu PSD.\u00a0<\/p>","protected":false},"excerpt":{"rendered":"<p>Lasconi: A\u0219 propune un premier care poate sa imi demonstreze c\u0103 \u00eemi poate face o&hellip;<\/p>\n","protected":false},"author":0,"featured_media":44092,"comment_status":"open","ping_status":"open","sticky":false,"template":"","format":"standard","meta":{"footnotes":""},"categories":[3],"tags":[],"class_list":["post-44091","post","type-post","status-publish","format-standard","has-post-thumbnail","hentry","category-politica"],"_links":{"self":[{"href":"https:\/\/247stiri.ro\/index.php\/wp-json\/wp\/v2\/posts\/44091","targetHints":{"allow":["GET"]}}],"collection":[{"href":"https:\/\/247stiri.ro\/index.php\/wp-json\/wp\/v2\/posts"}],"about":[{"href":"https:\/\/247stiri.ro\/index.php\/wp-json\/wp\/v2\/types\/post"}],"replies":[{"embeddable":true,"href":"https:\/\/247stiri.ro\/index.php\/wp-json\/wp\/v2\/comments?post=44091"}],"version-history":[{"count":0,"href":"https:\/\/247stiri.ro\/index.php\/wp-json\/wp\/v2\/posts\/44091\/revisions"}],"wp:featuredmedia":[{"embeddable":true,"href":"https:\/\/247stiri.ro\/index.php\/wp-json\/wp\/v2\/media\/44092"}],"wp:attachment":[{"href":"https:\/\/247stiri.ro\/index.php\/wp-json\/wp\/v2\/media?parent=44091"}],"wp:term":[{"taxonomy":"category","embeddable":true,"href":"https:\/\/247stiri.ro\/index.php\/wp-json\/wp\/v2\/categories?post=44091"},{"taxonomy":"post_tag","embeddable":true,"href":"https:\/\/247stiri.ro\/index.php\/wp-json\/wp\/v2\/tags?post=44091"}],"curies":[{"name":"wp","href":"https:\/\/api.w.org\/{rel}","templated":true}]}}