{"id":44095,"date":"2025-04-01T05:44:51","date_gmt":"2025-04-01T05:44:51","guid":{"rendered":"https:\/\/247stiri.ro\/index.php\/2025\/04\/01\/adolescent-injunghiat-intr-un-centru-de-plasament-din-mehedinti-e-al-doilea-caz-grav-la-interval-de-cateva-zile-10-tineri-au-patruns-in-cladire-pentru-razbunare\/"},"modified":"2025-04-01T05:44:51","modified_gmt":"2025-04-01T05:44:51","slug":"adolescent-injunghiat-intr-un-centru-de-plasament-din-mehedinti-e-al-doilea-caz-grav-la-interval-de-cateva-zile-10-tineri-au-patruns-in-cladire-pentru-razbunare","status":"publish","type":"post","link":"https:\/\/247stiri.ro\/index.php\/2025\/04\/01\/adolescent-injunghiat-intr-un-centru-de-plasament-din-mehedinti-e-al-doilea-caz-grav-la-interval-de-cateva-zile-10-tineri-au-patruns-in-cladire-pentru-razbunare\/","title":{"rendered":"Adolescent \u00eenjunghiat, \u00eentr-un centru de plasament din Mehedin\u021bi. E al doilea caz grav, la interval de c\u00e2teva zile: 10 tineri au p\u0103truns \u00een cl\u0103dire pentru r\u0103zbunare"},"content":{"rendered":"<p>Surse spun c\u0103 persoana r\u0103nit\u0103 nu ar fi fost \u021binta atacului. Un alt adolescent din acela\u0219i centru de plasament ar fi fost vizat de o r\u0103zbunare: fosta sa prieten\u0103 ar fi venit cu 10 persoane pentru a-i aplica o corec\u021bie. Poli\u021bi\u0219tii au deschis o anchet\u0103, iar victima se afl\u0103 \u00een spital pentru a primi \u00eengrijiri medicale.<\/p>\n<p>De\u0219i este al doilea eveniment foarte grav petrecut \u00een centrul respectiv la distan\u021b\u0103 de doar c\u00e2teva zile, Direc\u021bie Jude\u021bean\u0103 pentru Protec\u021bia Copilului Mehedin\u021bi nu a avut nicio reac\u021bie oficial\u0103, potrivit presei locale.<\/p>\n<p>Cu 5 zile \u00een urm\u0103, doi adolescen\u0163i din acela\u0219i centru de plasament au sechestrat \u015fi abuzat emo\u0163ional un coleg de 12 ani. Cei doi au fost du\u015fi la sediul poli\u0163iei pentru audieri.<\/p>","protected":false},"excerpt":{"rendered":"<p>Surse spun c\u0103 persoana r\u0103nit\u0103 nu ar fi fost \u021binta atacului. Un alt adolescent din&hellip;<\/p>\n","protected":false},"author":0,"featured_media":44096,"comment_status":"open","ping_status":"open","sticky":false,"template":"","format":"standard","meta":{"footnotes":""},"categories":[2],"tags":[],"class_list":["post-44095","post","type-post","status-publish","format-standard","has-post-thumbnail","hentry","category-actual"],"_links":{"self":[{"href":"https:\/\/247stiri.ro\/index.php\/wp-json\/wp\/v2\/posts\/44095","targetHints":{"allow":["GET"]}}],"collection":[{"href":"https:\/\/247stiri.ro\/index.php\/wp-json\/wp\/v2\/posts"}],"about":[{"href":"https:\/\/247stiri.ro\/index.php\/wp-json\/wp\/v2\/types\/post"}],"replies":[{"embeddable":true,"href":"https:\/\/247stiri.ro\/index.php\/wp-json\/wp\/v2\/comments?post=44095"}],"version-history":[{"count":0,"href":"https:\/\/247stiri.ro\/index.php\/wp-json\/wp\/v2\/posts\/44095\/revisions"}],"wp:featuredmedia":[{"embeddable":true,"href":"https:\/\/247stiri.ro\/index.php\/wp-json\/wp\/v2\/media\/44096"}],"wp:attachment":[{"href":"https:\/\/247stiri.ro\/index.php\/wp-json\/wp\/v2\/media?parent=44095"}],"wp:term":[{"taxonomy":"category","embeddable":true,"href":"https:\/\/247stiri.ro\/index.php\/wp-json\/wp\/v2\/categories?post=44095"},{"taxonomy":"post_tag","embeddable":true,"href":"https:\/\/247stiri.ro\/index.php\/wp-json\/wp\/v2\/tags?post=44095"}],"curies":[{"name":"wp","href":"https:\/\/api.w.org\/{rel}","templated":true}]}}