{"id":44109,"date":"2025-04-01T06:44:51","date_gmt":"2025-04-01T06:44:51","guid":{"rendered":"https:\/\/247stiri.ro\/index.php\/2025\/04\/01\/noi-taxe-dupa-prezidentialele-din-mai-reforma-fiscala-pregatita-de-guvern-pentru-a-doua-jumatate-a-anului\/"},"modified":"2025-04-01T06:44:51","modified_gmt":"2025-04-01T06:44:51","slug":"noi-taxe-dupa-prezidentialele-din-mai-reforma-fiscala-pregatita-de-guvern-pentru-a-doua-jumatate-a-anului","status":"publish","type":"post","link":"https:\/\/247stiri.ro\/index.php\/2025\/04\/01\/noi-taxe-dupa-prezidentialele-din-mai-reforma-fiscala-pregatita-de-guvern-pentru-a-doua-jumatate-a-anului\/","title":{"rendered":"Noi TAXE, dup\u0103 preziden\u021bialele din mai. Reforma fiscal\u0103, preg\u0103tit\u0103 de Guvern pentru a doua jum\u0103tate a anului"},"content":{"rendered":"<p>Guvernul trebuie s\u0103 \u00eenceap\u0103 discu\u021biile pentru reforma fiscal\u0103 la jum\u0103tatea acestui an. Cei din Executiv spuneau c\u0103 vor exista multiple discu\u021bii \u0219i cu patronatele, sindicatele, dar \u0219i cu ceilal\u021bi parteneri de dialog pentru a g\u0103si o form\u0103 c\u00e2t mai bun\u0103 a acestei reforme av\u00e2nd \u00een vedere c\u0103 foarte mul\u021bi economi\u0219ti se a\u0219teapt\u0103 la noi taxe dup\u0103 alegerile preziden\u021biale.O reform\u0103 fiscal\u0103 ne-am asumat inclusiv \u00een acel plan negociat cu cei de la Comisia European\u0103, prin care vrem s\u0103 reducem deficitul pe o perioad\u0103 de 7 ani. Potrivit acelui document, Rom\u00e2nia va lucra pe scenarii venite de la Banca Mondial\u0103.<\/p>\n<p><a href=\"https:\/\/www.realitatea.net\/stiri\/actual\/noi-scumpiri-la-energia-electrica-de-la-1-iulie-cu-cat-se-maresc-preturile_67e8f90894a6df6fa706d402#google_vignette\" target=\"_blank\">Noi SCUMPIRI la energia electric\u0103, de la 1 iulie. Cu c\u00e2t se m\u0103resc pre\u021burile<\/a><\/p>\n<p>Reprezentan\u021bii B\u0103ncii Mondial\u0103 au recomandat \u00een repetate r\u00e2nduri \u021b\u0103rii noastre s\u0103 introduc\u0103 m\u0103suri mai dure pentru a reduce cheltuielile \u0219i pentru a sc\u0103dea deficitul. Printre aceste m\u0103suri se num\u0103r\u0103 impozitarea progresiv\u0103 a veniturilor sau majorarea TVA. Sunt \u00eens\u0103 taxe respinse \u00een acest moment de Executiv.Premierul\u00a0spune c\u0103 nicio tax\u0103 nu se va implementa \u00een acest an, astfel \u00eenc\u00e2t s\u0103 fie predictibilitate, a\u0219a cum a cerut mediul de afaceri.<\/p>","protected":false},"excerpt":{"rendered":"<p>Guvernul trebuie s\u0103 \u00eenceap\u0103 discu\u021biile pentru reforma fiscal\u0103 la jum\u0103tatea acestui an. Cei din Executiv&hellip;<\/p>\n","protected":false},"author":0,"featured_media":44110,"comment_status":"open","ping_status":"open","sticky":false,"template":"","format":"standard","meta":{"footnotes":""},"categories":[2],"tags":[],"class_list":["post-44109","post","type-post","status-publish","format-standard","has-post-thumbnail","hentry","category-actual"],"_links":{"self":[{"href":"https:\/\/247stiri.ro\/index.php\/wp-json\/wp\/v2\/posts\/44109","targetHints":{"allow":["GET"]}}],"collection":[{"href":"https:\/\/247stiri.ro\/index.php\/wp-json\/wp\/v2\/posts"}],"about":[{"href":"https:\/\/247stiri.ro\/index.php\/wp-json\/wp\/v2\/types\/post"}],"replies":[{"embeddable":true,"href":"https:\/\/247stiri.ro\/index.php\/wp-json\/wp\/v2\/comments?post=44109"}],"version-history":[{"count":0,"href":"https:\/\/247stiri.ro\/index.php\/wp-json\/wp\/v2\/posts\/44109\/revisions"}],"wp:featuredmedia":[{"embeddable":true,"href":"https:\/\/247stiri.ro\/index.php\/wp-json\/wp\/v2\/media\/44110"}],"wp:attachment":[{"href":"https:\/\/247stiri.ro\/index.php\/wp-json\/wp\/v2\/media?parent=44109"}],"wp:term":[{"taxonomy":"category","embeddable":true,"href":"https:\/\/247stiri.ro\/index.php\/wp-json\/wp\/v2\/categories?post=44109"},{"taxonomy":"post_tag","embeddable":true,"href":"https:\/\/247stiri.ro\/index.php\/wp-json\/wp\/v2\/tags?post=44109"}],"curies":[{"name":"wp","href":"https:\/\/api.w.org\/{rel}","templated":true}]}}