{"id":44113,"date":"2025-04-01T06:44:52","date_gmt":"2025-04-01T06:44:52","guid":{"rendered":"https:\/\/247stiri.ro\/index.php\/2025\/04\/01\/cum-a-aparut-ziua-pacalelilor-de-ce-o-sarbatorim-pe-1-aprilie\/"},"modified":"2025-04-01T06:44:52","modified_gmt":"2025-04-01T06:44:52","slug":"cum-a-aparut-ziua-pacalelilor-de-ce-o-sarbatorim-pe-1-aprilie","status":"publish","type":"post","link":"https:\/\/247stiri.ro\/index.php\/2025\/04\/01\/cum-a-aparut-ziua-pacalelilor-de-ce-o-sarbatorim-pe-1-aprilie\/","title":{"rendered":"Cum a ap\u0103rut Ziua P\u0103c\u0103lelilor. De ce o s\u0103rb\u0103torim pe 1 aprilie?"},"content":{"rendered":"<p class=\"svelte-uzyam9\">O explica\u021bie ar fi legat\u0103 de schimbarea calendarului \u00een timpul reformei lui Papa Grigore al XIII-lea. \u00cen trecut, Anul Nou era s\u0103rb\u0103torit \u00een jurul echinoc\u021biului de prim\u0103var\u0103, pe 1 aprilie, dar odat\u0103 cu adoptarea calendarului gregorian, data a fost mutat\u0103 pe 1 ianuarie. Cei care au continuat s\u0103 celebreze \u00een aprilie au devenit ulterior \u021binta farselelor. De asemenea, cea mai veche referire la Ziua P\u0103c\u0103lelilor provine dintr-un poem din 1539, \u00een care un b\u0103rbat ar fi p\u0103c\u0103lit un servitor \u00een aceast\u0103 zi, potrivit unui post tv, scrie <a href=\"https:\/\/click.ro\/\" target=\"_blank\">click.ro<\/a><\/p>\n<p>Cum au intrat suedezii \u00een istorie de Ziua P\u0103c\u0103lelilor<\/p>\n<p class=\"svelte-uzyam9\">Pe l\u00e2ng\u0103 Rom\u00e2nia, Ziua P\u0103c\u0103lelilor, sau \u201eApril Fools&#8221; Day\u201d, este s\u0103rb\u0103torit\u0103 \u00een multe \u021b\u0103ri din \u00eentreaga lume, precum Fran\u021ba, Germania, Suedia sau Italia. De-a lungul anilor, aceast\u0103 zi a fost marcat\u0103 de farse memorabile care au st\u00e2rnit r\u00e2sete \u0219i au r\u0103mas \u00een istorie.\u00a0<\/p>\n<p class=\"svelte-uzyam9\">Un exemplu celebru a avut loc \u00een anul 1962, cu mult \u00eenainte ca televiziunea color s\u0103 fie introdus\u0103 \u00een Suedia. Atunci, telespectatorii unui post TV au fost p\u0103c\u0103li\u021bi s\u0103 cread\u0103 c\u0103 \u00ee\u0219i pot transforma televizoarele alb-negru \u00een color printr-un truc simplu&#8230;\u00a0<\/p>\n<p class=\"svelte-uzyam9\">Un \u201eexpert tehnic\u201d le-a explicat, cu mult\u0103 convingere, cum pot reda culorile pe televizoarele lor, doar prin \u00eentinderea unui obiect pe care aproape toat\u0103 lumea \u00eel avea \u00een cas\u0103: ciorapi din dantel\u0103. Desigur, trucul nu a avut niciun efect, iar p\u0103c\u0103leala a devenit un moment memorabil \u00een istoria farselelor!<\/p>\n<p><a href=\"https:\/\/www.realitatea.net\/stiri\/actual\/motivul-pentru-care-nu-trebuie-sa-plantezi-brazi-in-curte-riscurile-sunt-extrem-de-mari_67ced409c21add107f511412\" target=\"_blank\">Motivul pentru care nu trebuie s\u0103 plantezi brazi \u00een curte. Riscurile sunt extrem de mari<\/a><\/p>","protected":false},"excerpt":{"rendered":"<p>O explica\u021bie ar fi legat\u0103 de schimbarea calendarului \u00een timpul reformei lui Papa Grigore al&hellip;<\/p>\n","protected":false},"author":0,"featured_media":44105,"comment_status":"open","ping_status":"open","sticky":false,"template":"","format":"standard","meta":{"footnotes":""},"categories":[2],"tags":[],"class_list":["post-44113","post","type-post","status-publish","format-standard","has-post-thumbnail","hentry","category-actual"],"_links":{"self":[{"href":"https:\/\/247stiri.ro\/index.php\/wp-json\/wp\/v2\/posts\/44113","targetHints":{"allow":["GET"]}}],"collection":[{"href":"https:\/\/247stiri.ro\/index.php\/wp-json\/wp\/v2\/posts"}],"about":[{"href":"https:\/\/247stiri.ro\/index.php\/wp-json\/wp\/v2\/types\/post"}],"replies":[{"embeddable":true,"href":"https:\/\/247stiri.ro\/index.php\/wp-json\/wp\/v2\/comments?post=44113"}],"version-history":[{"count":0,"href":"https:\/\/247stiri.ro\/index.php\/wp-json\/wp\/v2\/posts\/44113\/revisions"}],"wp:featuredmedia":[{"embeddable":true,"href":"https:\/\/247stiri.ro\/index.php\/wp-json\/wp\/v2\/media\/44105"}],"wp:attachment":[{"href":"https:\/\/247stiri.ro\/index.php\/wp-json\/wp\/v2\/media?parent=44113"}],"wp:term":[{"taxonomy":"category","embeddable":true,"href":"https:\/\/247stiri.ro\/index.php\/wp-json\/wp\/v2\/categories?post=44113"},{"taxonomy":"post_tag","embeddable":true,"href":"https:\/\/247stiri.ro\/index.php\/wp-json\/wp\/v2\/tags?post=44113"}],"curies":[{"name":"wp","href":"https:\/\/api.w.org\/{rel}","templated":true}]}}