{"id":44124,"date":"2025-04-01T07:44:48","date_gmt":"2025-04-01T07:44:48","guid":{"rendered":"https:\/\/247stiri.ro\/index.php\/2025\/04\/01\/caruta-in-care-se-aflau-8-copii-spulberata-de-un-camion-accident-cumplit-in-jud-sibiu-victimele-duse-de-urgenta-la-spital\/"},"modified":"2025-04-01T07:44:48","modified_gmt":"2025-04-01T07:44:48","slug":"caruta-in-care-se-aflau-8-copii-spulberata-de-un-camion-accident-cumplit-in-jud-sibiu-victimele-duse-de-urgenta-la-spital","status":"publish","type":"post","link":"https:\/\/247stiri.ro\/index.php\/2025\/04\/01\/caruta-in-care-se-aflau-8-copii-spulberata-de-un-camion-accident-cumplit-in-jud-sibiu-victimele-duse-de-urgenta-la-spital\/","title":{"rendered":"C\u0103ru\u021b\u0103 \u00een care se aflau 8 copii, spulberat\u0103 de un camion. Accident cumplit, \u00een jud. Sibiu. Victimele, duse de urgen\u021b\u0103 la spital"},"content":{"rendered":"<p>\u00cen c\u0103ru\u021ba lovit\u0103 de camion se aflau \u00een total zece persoane &#8211; doi adul\u021bi de aproximativ 40 de ani \u0219i opt minori cu v\u00e2rste cuprinse \u00eentre 1 \u0219i 14 ani, din localitatea Ernea.<\/p>\n<p>Accidentul a avut loc pe DN14, \u00een apropiere de intersec\u021bia cu DJ 143A, \u00een zona localit\u0103\u021bii Laslea.<\/p>\n<p>&#8222;Din primele cercet\u0103ri efectuate a rezultat c\u0103 o c\u0103ru\u021b\u0103 nesemnalizat\u0103, condus\u0103 pe direc\u021bia Sighi\u0219oara &#8211; Media\u0219, a fost lovit\u0103 de un camion condus pe aceea\u0219i direc\u021bie de c\u0103tre un sibian \u00een v\u00e2rst\u0103 de 52 de ani. \u00cen c\u0103ru\u021b\u0103 se aflau 2 adul\u021bi de aproximativ 40 de ani \u0219i 8 minori cu v\u00e2rste cuprinse \u00eentre 1 \u0219i 14 ani, domicilia\u021bi \u00een Ernea. To\u021bi copiii au fost transporta\u021bi la spital de SAJ Mure\u0219 pentru investiga\u021bii medicale, doi dintre ace\u0219tia prezent\u00e2nd u\u0219oare v\u0103t\u0103m\u0103ri. Test\u0103rile alcoolscopice ale c\u0103ru\u021ba\u0219ului \u0219i conduc\u0103torului auto sunt negative&#8221;, a precizat reprezentanta IPJ Sibiu, Elena Welter.<\/p>","protected":false},"excerpt":{"rendered":"<p>\u00cen c\u0103ru\u021ba lovit\u0103 de camion se aflau \u00een total zece persoane &#8211; doi adul\u021bi de&hellip;<\/p>\n","protected":false},"author":0,"featured_media":44125,"comment_status":"open","ping_status":"open","sticky":false,"template":"","format":"standard","meta":{"footnotes":""},"categories":[2],"tags":[],"class_list":["post-44124","post","type-post","status-publish","format-standard","has-post-thumbnail","hentry","category-actual"],"_links":{"self":[{"href":"https:\/\/247stiri.ro\/index.php\/wp-json\/wp\/v2\/posts\/44124","targetHints":{"allow":["GET"]}}],"collection":[{"href":"https:\/\/247stiri.ro\/index.php\/wp-json\/wp\/v2\/posts"}],"about":[{"href":"https:\/\/247stiri.ro\/index.php\/wp-json\/wp\/v2\/types\/post"}],"replies":[{"embeddable":true,"href":"https:\/\/247stiri.ro\/index.php\/wp-json\/wp\/v2\/comments?post=44124"}],"version-history":[{"count":0,"href":"https:\/\/247stiri.ro\/index.php\/wp-json\/wp\/v2\/posts\/44124\/revisions"}],"wp:featuredmedia":[{"embeddable":true,"href":"https:\/\/247stiri.ro\/index.php\/wp-json\/wp\/v2\/media\/44125"}],"wp:attachment":[{"href":"https:\/\/247stiri.ro\/index.php\/wp-json\/wp\/v2\/media?parent=44124"}],"wp:term":[{"taxonomy":"category","embeddable":true,"href":"https:\/\/247stiri.ro\/index.php\/wp-json\/wp\/v2\/categories?post=44124"},{"taxonomy":"post_tag","embeddable":true,"href":"https:\/\/247stiri.ro\/index.php\/wp-json\/wp\/v2\/tags?post=44124"}],"curies":[{"name":"wp","href":"https:\/\/api.w.org\/{rel}","templated":true}]}}