{"id":44130,"date":"2025-04-01T07:44:51","date_gmt":"2025-04-01T07:44:51","guid":{"rendered":"https:\/\/247stiri.ro\/index.php\/2025\/04\/01\/alerta-europeana-risc-de-disfunctionalitati-in-sistemul-energetic-in-perioada-pastelui-anunta-transelectrica\/"},"modified":"2025-04-01T07:44:51","modified_gmt":"2025-04-01T07:44:51","slug":"alerta-europeana-risc-de-disfunctionalitati-in-sistemul-energetic-in-perioada-pastelui-anunta-transelectrica","status":"publish","type":"post","link":"https:\/\/247stiri.ro\/index.php\/2025\/04\/01\/alerta-europeana-risc-de-disfunctionalitati-in-sistemul-energetic-in-perioada-pastelui-anunta-transelectrica\/","title":{"rendered":"Alert\u0103 european\u0103. Risc de disfunc\u021bionalit\u0103\u021bi \u00een sistemul energetic, \u00een perioada Pa\u0219telui, anun\u021b\u0103 TRANSELECTRICA"},"content":{"rendered":"<p>\u00cen condi\u021biile \u00een care Pa\u015ftele ortodox \u015fi cel catolic vor fi s\u0103rb\u0103torite \u00een aceea\u015fi zi, pe 20 aprilie, iar \u00een cazul \u00een care vremea va fi \u00eensorit\u0103, vor fi \u00eenregistrate concomitent o produc\u0163ie foarte mare de energie fotovoltaic\u0103 \u015fi un consum de electricitate extrem de redus, potrivit operatorului de transport \u015fi sistem rom\u00e2n, Transelectrica, relateaz\u0103 <a href=\"https:\/\/www.profit.ro\/povesti-cu-profit\/energie\/ultima-ora-transelectrica-alerta-risc-pentru-sistemul-energetic-de-paste-21985766\" target=\"_blank\">Profit.ro.<\/a><\/p>\n<p>Practic, \u00eentr-o astfel de situa\u021bie, mai mult state s-ar afla \u00een situa\u021bia de a nu avea nici cum s\u0103 consume, nici cui s\u0103 exporte surplusul de energie.<\/p>\n<p>La nivelul Rom\u00e2niei, este luat \u00een calcul scenariul ca nivelul de consum s\u0103 scad\u0103 la un minim de 2.000 MW. \u2033\u00cen acest sens, avem \u00een vedere toate aspectele \u0219i scenariile posibile \u0219i ne preg\u0103tim pentru aceast\u0103 perioad\u0103, printr-o str\u00e2ns\u0103 colaborare at\u00e2t cu institu\u021bii \u0219i entit\u0103\u021bi din Rom\u00e2nia, c\u00e2t \u0219i la nivelul re\u021belei interconectate europene\u2033, a declarat pentru publica\u021bia citat\u0103 \u0219eful Dispecerului Energetic Na\u021bional (DEN) din cadrul companiei, Virgiliu Ivan, a declarat.<\/p>\n<p>Ivan a precizat c\u0103 la nivel european s-a format o grup\u0103 dedicat\u0103 preg\u0103tirii func\u021bion\u0103rii Sistemului Electroenergetic interconectat care implic\u0103 to\u021bi operatorii de transport \u0219i sistem din Europa.<\/p>","protected":false},"excerpt":{"rendered":"<p>\u00cen condi\u021biile \u00een care Pa\u015ftele ortodox \u015fi cel catolic vor fi s\u0103rb\u0103torite \u00een aceea\u015fi zi,&hellip;<\/p>\n","protected":false},"author":0,"featured_media":44131,"comment_status":"open","ping_status":"open","sticky":false,"template":"","format":"standard","meta":{"footnotes":""},"categories":[2],"tags":[],"class_list":["post-44130","post","type-post","status-publish","format-standard","has-post-thumbnail","hentry","category-actual"],"_links":{"self":[{"href":"https:\/\/247stiri.ro\/index.php\/wp-json\/wp\/v2\/posts\/44130","targetHints":{"allow":["GET"]}}],"collection":[{"href":"https:\/\/247stiri.ro\/index.php\/wp-json\/wp\/v2\/posts"}],"about":[{"href":"https:\/\/247stiri.ro\/index.php\/wp-json\/wp\/v2\/types\/post"}],"replies":[{"embeddable":true,"href":"https:\/\/247stiri.ro\/index.php\/wp-json\/wp\/v2\/comments?post=44130"}],"version-history":[{"count":0,"href":"https:\/\/247stiri.ro\/index.php\/wp-json\/wp\/v2\/posts\/44130\/revisions"}],"wp:featuredmedia":[{"embeddable":true,"href":"https:\/\/247stiri.ro\/index.php\/wp-json\/wp\/v2\/media\/44131"}],"wp:attachment":[{"href":"https:\/\/247stiri.ro\/index.php\/wp-json\/wp\/v2\/media?parent=44130"}],"wp:term":[{"taxonomy":"category","embeddable":true,"href":"https:\/\/247stiri.ro\/index.php\/wp-json\/wp\/v2\/categories?post=44130"},{"taxonomy":"post_tag","embeddable":true,"href":"https:\/\/247stiri.ro\/index.php\/wp-json\/wp\/v2\/tags?post=44130"}],"curies":[{"name":"wp","href":"https:\/\/api.w.org\/{rel}","templated":true}]}}