{"id":44140,"date":"2025-04-01T08:44:46","date_gmt":"2025-04-01T08:44:46","guid":{"rendered":"https:\/\/247stiri.ro\/index.php\/2025\/04\/01\/tragedie-in-spania-cinci-morti-si-patru-raniti-grav-in-urma-unei-explozii-la-o-mina-de-carbune\/"},"modified":"2025-04-01T08:44:46","modified_gmt":"2025-04-01T08:44:46","slug":"tragedie-in-spania-cinci-morti-si-patru-raniti-grav-in-urma-unei-explozii-la-o-mina-de-carbune","status":"publish","type":"post","link":"https:\/\/247stiri.ro\/index.php\/2025\/04\/01\/tragedie-in-spania-cinci-morti-si-patru-raniti-grav-in-urma-unei-explozii-la-o-mina-de-carbune\/","title":{"rendered":"Tragedie \u00een Spania: cinci mor\u021bi \u0219i patru r\u0103ni\u021bi grav \u00een urma unei explozii la o min\u0103 de c\u0103rbune"},"content":{"rendered":"<p>Incidentul readuce \u00een aten\u021bie pericolele industriei miniere din aceast\u0103 zon\u0103, unde, \u00een urm\u0103 cu aproape trei decenii, s-a produs unul dintre cele mai grave accidente miniere din istoria \u021b\u0103rii.<\/p>\n<p>Explozie fatal\u0103 \u00eentr-o zon\u0103 minier\u0103 marcat\u0103 de tragedii<\/p>\n<p>Potrivit autorit\u0103\u021bilor locale, victimele exploziei aveau \u00eentre 32 \u0219i 54 de ani \u0219i proveneau din provincia Le\u00f3n. Cei patru r\u0103ni\u021bi au fost transporta\u021bi de urgen\u021b\u0103 la spitale din Asturias \u0219i Le\u00f3n, unul dintre ace\u0219tia afl\u00e2ndu-se \u00een stare critic\u0103.<\/p>\n<p><a href=\"https:\/\/www.realitatea.net\/stiri\/extern\/explozie-devastatoare-intro-mina-de-carbune-din-iran-cel-putin-28-de-morti-si-17-raniti_66efff920a272327b04e3e82\" target=\"_blank\">Accidentul s-a produs<\/a> \u00een diminea\u021ba zilei de luni, \u00een jurul orei 09:30, c\u00e2nd serviciile de urgen\u021b\u0103 au fost alertate despre o explozie \u00eentr-o galerie subteran\u0103. Potrivit primelor investiga\u021bii, cauza probabil\u0103 a deflagra\u021biei este o acumulare de gaz. Adriana Lastra, delegata guvernului regional, a confirmat aceast\u0103 ipotez\u0103 \u0219i a subliniat c\u0103 ancheta va clarifica exact circumstan\u021bele producerii tragediei.<\/p>\n<p>Ministrul muncii, Yolanda D\u00edaz, a declarat c\u0103 astfel de accidente nu ar trebui s\u0103 mai aib\u0103 loc \u00een secolul XXI \u0219i a promis m\u0103suri stricte \u00eempotriva oric\u0103ror nereguli descoperite. \u201e\u00centreaga greutate a legii va c\u0103dea asupra celor responsabili\u201d, a subliniat aceasta.<\/p>\n<p>\u00cen semn de doliu \u0219i protest fa\u021b\u0103 de condi\u021biile de munc\u0103 din sectorul minier, federa\u021biile sindicale CCOO \u0219i SOMA-FITAG-UGT au anun\u021bat o grev\u0103 de 48 de ore, \u00eencep\u00e2nd de luni. Rudele victimelor \u0219i colegii minerilor \u0219i-au exprimat furia fa\u021b\u0103 de nivelul de securitate oferit de compania Blue Solving, care administra mina.<\/p>\n<p>\u201eSiguran\u021ba minerilor a devenit o preocupare din ce \u00een ce mai redus\u0103 pentru companii. Este revolt\u0103tor!\u201d, a declarat un membru al familiei uneia dintre victime, citat de presa local\u0103.<\/p>\n<p>Spania, marcat\u0103 de tragedii miniere<\/p>\n<p>Explozia din mina Cerredo reaminte\u0219te de alte accidente tragice din industria minier\u0103 spaniol\u0103. \u00cen 1995, \u00een aceea\u0219i regiune, o explozie de grizu a ucis 14 persoane \u00een Mieres. \u00cen 2013, \u0219ase mineri \u0219i-au pierdut via\u021ba \u00eentr-o explozie de gaz \u00een provincia Le\u00f3n, iar \u00een 2023, trei muncitori au murit dup\u0103 pr\u0103bu\u0219irea unei galerii \u00eentr-o min\u0103 de potas\u0103 din Catalonia.<\/p>\n<p>Premierul Spaniei, Pedro S\u00e1nchez, \u0219i-a exprimat condolean\u021bele pentru familiile victimelor \u0219i a mul\u021bumit echipelor de salvare pentru eforturile depuse. Pre\u0219edintele regiunii Asturias, Adri\u00e1n Barb\u00f3n, a declarat dou\u0103 zile de doliu oficial \u00een memoria celor deceda\u021bi.<\/p>\n<p><a href=\"https:\/\/www.realitatea.net\/stiri\/extern\/tragedie-in-turcia-explozie-intro-mina-de-carbuni-cel-putin-2-morti-20-de-raniti-si-alti-zeci-de-mineri-blocati-in-subteran-video_6349c228d011e902a9085b2e\" target=\"_blank\">Investiga\u021biile continu\u0103<\/a> pentru a stabili responsabilit\u0103\u021bile \u0219i m\u0103surile ce trebuie luate pentru prevenirea unor astfel de tragedii \u00een viitor.<\/p>","protected":false},"excerpt":{"rendered":"<p>Incidentul readuce \u00een aten\u021bie pericolele industriei miniere din aceast\u0103 zon\u0103, unde, \u00een urm\u0103 cu aproape&hellip;<\/p>\n","protected":false},"author":0,"featured_media":44141,"comment_status":"open","ping_status":"open","sticky":false,"template":"","format":"standard","meta":{"footnotes":""},"categories":[4],"tags":[],"class_list":["post-44140","post","type-post","status-publish","format-standard","has-post-thumbnail","hentry","category-extern"],"_links":{"self":[{"href":"https:\/\/247stiri.ro\/index.php\/wp-json\/wp\/v2\/posts\/44140","targetHints":{"allow":["GET"]}}],"collection":[{"href":"https:\/\/247stiri.ro\/index.php\/wp-json\/wp\/v2\/posts"}],"about":[{"href":"https:\/\/247stiri.ro\/index.php\/wp-json\/wp\/v2\/types\/post"}],"replies":[{"embeddable":true,"href":"https:\/\/247stiri.ro\/index.php\/wp-json\/wp\/v2\/comments?post=44140"}],"version-history":[{"count":0,"href":"https:\/\/247stiri.ro\/index.php\/wp-json\/wp\/v2\/posts\/44140\/revisions"}],"wp:featuredmedia":[{"embeddable":true,"href":"https:\/\/247stiri.ro\/index.php\/wp-json\/wp\/v2\/media\/44141"}],"wp:attachment":[{"href":"https:\/\/247stiri.ro\/index.php\/wp-json\/wp\/v2\/media?parent=44140"}],"wp:term":[{"taxonomy":"category","embeddable":true,"href":"https:\/\/247stiri.ro\/index.php\/wp-json\/wp\/v2\/categories?post=44140"},{"taxonomy":"post_tag","embeddable":true,"href":"https:\/\/247stiri.ro\/index.php\/wp-json\/wp\/v2\/tags?post=44140"}],"curies":[{"name":"wp","href":"https:\/\/api.w.org\/{rel}","templated":true}]}}