{"id":44142,"date":"2025-04-01T08:44:48","date_gmt":"2025-04-01T08:44:48","guid":{"rendered":"https:\/\/247stiri.ro\/index.php\/2025\/04\/01\/adolescenta-de-15-ani-disparuta-in-piatra-neamt-claudia-elena-este-de-negasit\/"},"modified":"2025-04-01T08:44:48","modified_gmt":"2025-04-01T08:44:48","slug":"adolescenta-de-15-ani-disparuta-in-piatra-neamt-claudia-elena-este-de-negasit","status":"publish","type":"post","link":"https:\/\/247stiri.ro\/index.php\/2025\/04\/01\/adolescenta-de-15-ani-disparuta-in-piatra-neamt-claudia-elena-este-de-negasit\/","title":{"rendered":"Adolescent\u0103 de 15 ani, disp\u0103rut\u0103 \u00een Piatra-Neam\u021b! Claudia Elena este de neg\u0103sit"},"content":{"rendered":"<p>\u00a0P\u0103rin\u021bii fetei au alertat poli\u021bia \u0219i au lansat un apel c\u0103tre comunitate pentru orice informa\u021bie care ar putea ajuta la g\u0103sirea acesteia.<\/p>\n<p>Cum poate fi recunoscut\u0103 Bonciu Claudia Elena<\/p>\n<p><a href=\"https:\/\/www.realitatea.net\/stiri\/actual\/elena-larisa-are-12-ani-si-a-fost-data-disparuta-incredibil-unde-a-fost-gasita-minora-a-doua-zi_67e6f9c990d0800f5f549fd3\" target=\"_blank\">Potrivit informa\u021biilor furnizate<\/a> de Poli\u021bia municipiului Piatra-Neam\u021b, Bonciu Claudia Elena a plecat de acas\u0103 \u00een noaptea de 28 spre 29 martie \u0219i nu s-a mai \u00eentors. Tat\u0103l s\u0103u a anun\u021bat dispari\u021bia pe 29 martie, \u00een jurul orei 14:00.<\/p>\n<p>Claudia Elena are 1,60 m \u00een\u0103l\u021bime, aproximativ 55 kg, p\u0103r negru de lungime medie \u0219i ochi negri. La momentul dispari\u021biei, era \u00eembr\u0103cat\u0103 cu o geac\u0103 alb\u0103 din blan\u0103, blugi alba\u0219tri \u0219i adida\u0219i.<\/p>\n<p>Autorit\u0103\u021bile fac apel la cet\u0103\u021beni pentru sprijin \u00een depistarea adolescentei. Oricine de\u021bine informa\u021bii despre loca\u021bia sa este rugat s\u0103 contacteze de urgen\u021b\u0103 Serviciul Unic 112 sau s\u0103 anun\u021be cea mai apropiat\u0103 sec\u021bie de poli\u021bie.<\/p>\n<p><a href=\"https:\/\/www.realitatea.net\/stiri\/actual\/fetita-de-4-ani-din-hunedoara-disparuta-impreuna-cu-bunica-sa-unde-leau-gasit-politistii_67c0d4acfdfa47514b3ce4f2\" target=\"_blank\">C\u0103ut\u0103rile continu\u0103,<\/a> iar familia sper\u0103 ca orice indiciu s\u0103 o aduc\u0103 pe Claudia Elena \u00een siguran\u021b\u0103 acas\u0103.<\/p>","protected":false},"excerpt":{"rendered":"<p>\u00a0P\u0103rin\u021bii fetei au alertat poli\u021bia \u0219i au lansat un apel c\u0103tre comunitate pentru orice informa\u021bie&hellip;<\/p>\n","protected":false},"author":0,"featured_media":44143,"comment_status":"open","ping_status":"open","sticky":false,"template":"","format":"standard","meta":{"footnotes":""},"categories":[2],"tags":[],"class_list":["post-44142","post","type-post","status-publish","format-standard","has-post-thumbnail","hentry","category-actual"],"_links":{"self":[{"href":"https:\/\/247stiri.ro\/index.php\/wp-json\/wp\/v2\/posts\/44142","targetHints":{"allow":["GET"]}}],"collection":[{"href":"https:\/\/247stiri.ro\/index.php\/wp-json\/wp\/v2\/posts"}],"about":[{"href":"https:\/\/247stiri.ro\/index.php\/wp-json\/wp\/v2\/types\/post"}],"replies":[{"embeddable":true,"href":"https:\/\/247stiri.ro\/index.php\/wp-json\/wp\/v2\/comments?post=44142"}],"version-history":[{"count":0,"href":"https:\/\/247stiri.ro\/index.php\/wp-json\/wp\/v2\/posts\/44142\/revisions"}],"wp:featuredmedia":[{"embeddable":true,"href":"https:\/\/247stiri.ro\/index.php\/wp-json\/wp\/v2\/media\/44143"}],"wp:attachment":[{"href":"https:\/\/247stiri.ro\/index.php\/wp-json\/wp\/v2\/media?parent=44142"}],"wp:term":[{"taxonomy":"category","embeddable":true,"href":"https:\/\/247stiri.ro\/index.php\/wp-json\/wp\/v2\/categories?post=44142"},{"taxonomy":"post_tag","embeddable":true,"href":"https:\/\/247stiri.ro\/index.php\/wp-json\/wp\/v2\/tags?post=44142"}],"curies":[{"name":"wp","href":"https:\/\/api.w.org\/{rel}","templated":true}]}}