{"id":44144,"date":"2025-04-01T08:44:48","date_gmt":"2025-04-01T08:44:48","guid":{"rendered":"https:\/\/247stiri.ro\/index.php\/2025\/04\/01\/ursoaica-mama-care-l-a-atacat-pe-seful-salvamont-predeal-a-fost-impuscata-cei-2-pui-au-fost-relocati\/"},"modified":"2025-04-01T08:44:48","modified_gmt":"2025-04-01T08:44:48","slug":"ursoaica-mama-care-l-a-atacat-pe-seful-salvamont-predeal-a-fost-impuscata-cei-2-pui-au-fost-relocati","status":"publish","type":"post","link":"https:\/\/247stiri.ro\/index.php\/2025\/04\/01\/ursoaica-mama-care-l-a-atacat-pe-seful-salvamont-predeal-a-fost-impuscata-cei-2-pui-au-fost-relocati\/","title":{"rendered":"Ursoaica mam\u0103 care l-a atacat pe \u0219eful Salvamont Predeal a fost \u00ceMPU\u0218CAT\u0102. Cei 2 pui au fost reloca\u0163i"},"content":{"rendered":"<p>Animalul care duminic\u0103 sear\u0103 a atacat \u015fi a r\u0103nit grav un om pe o strad\u0103 din sta\u0163iunea Predeal a fost extras, luni sear\u0103, au declarat pentru News.ro reprezentan\u0163i ai administra\u0163iei din Bra\u015fov.<\/p>\n<p>La ac\u0163iune a participat o echip\u0103 format\u0103 din reprezentan\u0163ii administra\u0163iei locale \u015fi jandarmi care au asigurat zona.\u00a0<a title=\"Barbatul atacat de urs in Predeal este seful Salvamont din statiunea montana. Noi informatii despre teribilul incident\" href=\"https:\/\/www.realitatea.net\/stiri\/actual\/barbatul-atacat-de-urs-in-predeal-este-seful-salvamont-din-statiunea-montana-noi-informatii-despre-teribilul-incident_67ea2ddef808eb48b23144c2\">B\u0103rbatul atacat de urs \u00een Predeal este \u0219eful Salvamont din sta\u021biunea montan\u0103. Noi informa\u021bii despre teribilul incident<\/a><\/p>\n<p>Animalul agresiv era o ursoaic\u0103 cu doi pui. Dup\u0103 uciderea mamei, cei doi pui au fost reloca\u0163i, a precizat sursa citat\u0103.<\/p>\n<p>Victima atacatului este salvamontist la \u00een cadrul Forma\u0163iunii Predeal, iar \u00een momentul incidentului se \u00eendrepta spre cas\u0103 \u015fi nu era \u00eenso\u0163it de niciun c\u00e2ine.<\/p>\n<p><a title='Ministrul Mediului, mesaj dupa atacul ursului din Predeal asupra sefului Salvamont: ,,Sa impuscam si acei ursi in creierii muntilor, acei ursi care poate nu s-au intalnit cu omul niciodata in viata lor\"' href=\"https:\/\/www.realitatea.net\/stiri\/actual\/ministrul-mediului-mesaj-dupa-atacul-ursului-din-predeal-asupra-sefului-salvamont-sa-impuscam-si-acei-ursi-in-creierii-muntilor-acei-ursi-care-poate-nu-sau-intalnit-cu-omul-niciodata-in-viata-lor_67ea6dcfffa30f4d347160bd\">Ministrul Mediului, mesaj dup\u0103 atacul ursului din Predeal asupra \u0219efului Salvamont: \u201eS\u0103 \u00eempu\u015fc\u0103m \u015fi acei ur\u015fi \u00een creierii mun\u0163ilor, acei ur\u015fi care poate nu<\/a><\/p>","protected":false},"excerpt":{"rendered":"<p>Animalul care duminic\u0103 sear\u0103 a atacat \u015fi a r\u0103nit grav un om pe o strad\u0103&hellip;<\/p>\n","protected":false},"author":0,"featured_media":44145,"comment_status":"open","ping_status":"open","sticky":false,"template":"","format":"standard","meta":{"footnotes":""},"categories":[2],"tags":[],"class_list":["post-44144","post","type-post","status-publish","format-standard","has-post-thumbnail","hentry","category-actual"],"_links":{"self":[{"href":"https:\/\/247stiri.ro\/index.php\/wp-json\/wp\/v2\/posts\/44144","targetHints":{"allow":["GET"]}}],"collection":[{"href":"https:\/\/247stiri.ro\/index.php\/wp-json\/wp\/v2\/posts"}],"about":[{"href":"https:\/\/247stiri.ro\/index.php\/wp-json\/wp\/v2\/types\/post"}],"replies":[{"embeddable":true,"href":"https:\/\/247stiri.ro\/index.php\/wp-json\/wp\/v2\/comments?post=44144"}],"version-history":[{"count":0,"href":"https:\/\/247stiri.ro\/index.php\/wp-json\/wp\/v2\/posts\/44144\/revisions"}],"wp:featuredmedia":[{"embeddable":true,"href":"https:\/\/247stiri.ro\/index.php\/wp-json\/wp\/v2\/media\/44145"}],"wp:attachment":[{"href":"https:\/\/247stiri.ro\/index.php\/wp-json\/wp\/v2\/media?parent=44144"}],"wp:term":[{"taxonomy":"category","embeddable":true,"href":"https:\/\/247stiri.ro\/index.php\/wp-json\/wp\/v2\/categories?post=44144"},{"taxonomy":"post_tag","embeddable":true,"href":"https:\/\/247stiri.ro\/index.php\/wp-json\/wp\/v2\/tags?post=44144"}],"curies":[{"name":"wp","href":"https:\/\/api.w.org\/{rel}","templated":true}]}}