{"id":44160,"date":"2025-04-01T09:44:59","date_gmt":"2025-04-01T09:44:59","guid":{"rendered":"https:\/\/247stiri.ro\/index.php\/2025\/04\/01\/jean-claude-van-damme-reclamat-la-diicot-vedeta-ar-fi-beneficiat-de-servicii-sexuale-oferite-de-o-retea-specializata-in-trafic-de-minori\/"},"modified":"2025-04-01T09:44:59","modified_gmt":"2025-04-01T09:44:59","slug":"jean-claude-van-damme-reclamat-la-diicot-vedeta-ar-fi-beneficiat-de-servicii-sexuale-oferite-de-o-retea-specializata-in-trafic-de-minori","status":"publish","type":"post","link":"https:\/\/247stiri.ro\/index.php\/2025\/04\/01\/jean-claude-van-damme-reclamat-la-diicot-vedeta-ar-fi-beneficiat-de-servicii-sexuale-oferite-de-o-retea-specializata-in-trafic-de-minori\/","title":{"rendered":"Jean Claude Van Damme, reclamat la DIICOT. Vedeta ar fi beneficiat de servicii sexuale oferite de o re\u021bea specializat\u0103 \u00een trafic de minori"},"content":{"rendered":"<p>\u201eJan Claude Van Damme este acuzat c\u0103 ar fi beneficiat de servicii sexuale concomitente cu un num\u0103r de cinci fete rom\u00e2nce ce se aflau \u00eentr-o stare de vulnerabilitate ,cu suspiciunea c\u0103 acestea ar fi fost exploatate \u00een sensul articolului 182 din Codul penal.<\/p>\n<p>Declara\u021bia nu este f\u0103cut\u0103 de c\u0103tre oricine ci chiar de c\u0103tre una dintre fetele care ar fi participat la momentele \u00een care fetele erau d\u0103ruite lui Jan Claude Van Damme. Scenele se petreceau la Cannes iar fapta de care este acuzat Van Damme se refer\u0103 la apelarea la serviciile unei persoane despre care se cunoa\u0219te c\u0103 este exploatat\u0103&#8221;, a declarat avocatul Adrian Cuculis..<\/p>\n<p>Este destul de lesne de a fi dovedit\u0103 av\u00e2nd \u00een vedere c\u0103 se arat\u0103 cu subiect \u0219i predicat cine \u0219i cum le coordona iar la aceste scene \u00een mod evident era prezent \u0219i Jean Claude Van Damme. Sesizarea este f\u0103cut\u0103 pe baza unor declara\u021bii de martor ocular \u00een leg\u0103tur\u0103 cu cet\u0103\u021benii rom\u00e2ni ceea ce confer\u0103 competen\u021ba parchetelor din Rom\u00e2nia cu \u00eencuviin\u021barea Parchetului General\u201c, a mai explicat avocatul.<\/p>","protected":false},"excerpt":{"rendered":"<p>\u201eJan Claude Van Damme este acuzat c\u0103 ar fi beneficiat de servicii sexuale concomitente cu&hellip;<\/p>\n","protected":false},"author":0,"featured_media":44161,"comment_status":"open","ping_status":"open","sticky":false,"template":"","format":"standard","meta":{"footnotes":""},"categories":[2],"tags":[],"class_list":["post-44160","post","type-post","status-publish","format-standard","has-post-thumbnail","hentry","category-actual"],"_links":{"self":[{"href":"https:\/\/247stiri.ro\/index.php\/wp-json\/wp\/v2\/posts\/44160","targetHints":{"allow":["GET"]}}],"collection":[{"href":"https:\/\/247stiri.ro\/index.php\/wp-json\/wp\/v2\/posts"}],"about":[{"href":"https:\/\/247stiri.ro\/index.php\/wp-json\/wp\/v2\/types\/post"}],"replies":[{"embeddable":true,"href":"https:\/\/247stiri.ro\/index.php\/wp-json\/wp\/v2\/comments?post=44160"}],"version-history":[{"count":0,"href":"https:\/\/247stiri.ro\/index.php\/wp-json\/wp\/v2\/posts\/44160\/revisions"}],"wp:featuredmedia":[{"embeddable":true,"href":"https:\/\/247stiri.ro\/index.php\/wp-json\/wp\/v2\/media\/44161"}],"wp:attachment":[{"href":"https:\/\/247stiri.ro\/index.php\/wp-json\/wp\/v2\/media?parent=44160"}],"wp:term":[{"taxonomy":"category","embeddable":true,"href":"https:\/\/247stiri.ro\/index.php\/wp-json\/wp\/v2\/categories?post=44160"},{"taxonomy":"post_tag","embeddable":true,"href":"https:\/\/247stiri.ro\/index.php\/wp-json\/wp\/v2\/tags?post=44160"}],"curies":[{"name":"wp","href":"https:\/\/api.w.org\/{rel}","templated":true}]}}